{"id":40384,"date":"2024-01-23T00:31:51","date_gmt":"2024-01-23T00:31:51","guid":{"rendered":"http:\/\/lahora.mx\/?p=40384"},"modified":"2024-01-23T00:31:51","modified_gmt":"2024-01-23T00:31:51","slug":"vecinos-de-acajete-intentan-linchar-a-sujeto-que-asaltaba-a-estudiantes","status":"publish","type":"post","link":"https:\/\/lahora.mx\/index.php\/2024\/01\/23\/vecinos-de-acajete-intentan-linchar-a-sujeto-que-asaltaba-a-estudiantes\/","title":{"rendered":"Vecinos de Acajete intentan linchar a sujeto que asaltaba a estudiantes"},"content":{"rendered":"\n<p>Un asaltante estuvo a punto de ser linchado por vecinos de Santa Isabel Tepetzala, en el municipio de Acajete, donde fue acusado de asaltar a estudiantes de secundaria.<\/p>\n\n\n\n<p>La ma\u00f1ana de este lunes los agraviados pidieron ayuda tras se\u00f1alar que hab\u00edan sido atracados por un sujeto, quien los amag\u00f3 y despu\u00e9s los despoj\u00f3 de sus tel\u00e9fonos celulares.<\/p>\n\n\n\n<p>Pobladores se reunieron para buscar al ladr\u00f3n hasta que dieron con \u00e9l y lograron retenerlo.<\/p>\n\n\n\n<p>Vecinos de Acajete intentan linchar a sujeto que asaltaba a estudiantes<br>Con la finalidad de darle un escarmiento, los vecinos de la zona tundieron a golpes al presunto asaltante, quien dijo ser vecino de la comunidad de San Juan Tepulco.<\/p>\n\n\n\n<p>Antes de que la gente lo matara a golpes alguien llam\u00f3 al n\u00famero de emergencias 911 y agentes policiacos del municipio de Acajete se trasladaron al lugar junto con param\u00e9dicos.<\/p>\n\n\n\n<p>Debido a la situaci\u00f3n el hombre fue arrestado y llevado a la Comisar\u00eda, donde tambi\u00e9n recibir\u00eda la atenci\u00f3n de los T\u00e9cnicos en Urgencias M\u00e9dicas Avanzadas (TUM\u2019s), ya que ten\u00eda el rostro ensangrentado.<\/p>\n\n\n\n<p>Se espera que las v\u00edctimas interpongan las denuncias correspondientes a fin de que el sujeto sea procesado por el delito de asalto a transe\u00fante. <\/p>\n","protected":false},"excerpt":{"rendered":"<p>Un asaltante estuvo a punto de ser linchado por vecinos de Santa Isabel Tepetzala, en el municipio de Acajete, donde fue acusado de asaltar a estudiantes de secundaria. La ma\u00f1ana de este lunes los agraviados pidieron ayuda tras se\u00f1alar que hab\u00edan sido atracados por un sujeto, quien los amag\u00f3 y despu\u00e9s los despoj\u00f3 de sus [&hellip;]<\/p>\n","protected":false},"author":4,"featured_media":40385,"comment_status":"open","ping_status":"open","sticky":false,"template":"","format":"standard","meta":{"om_disable_all_campaigns":false,"_monsterinsights_skip_tracking":false,"_monsterinsights_sitenote_active":false,"_monsterinsights_sitenote_note":"","_monsterinsights_sitenote_category":0,"footnotes":""},"categories":[175,226],"tags":[223],"class_list":["post-40384","post","type-post","status-publish","format-standard","has-post-thumbnail","hentry","category-local","category-policia","tag-puebla"],"amp_enabled":true,"_links":{"self":[{"href":"https:\/\/lahora.mx\/index.php\/wp-json\/wp\/v2\/posts\/40384","targetHints":{"allow":["GET"]}}],"collection":[{"href":"https:\/\/lahora.mx\/index.php\/wp-json\/wp\/v2\/posts"}],"about":[{"href":"https:\/\/lahora.mx\/index.php\/wp-json\/wp\/v2\/types\/post"}],"author":[{"embeddable":true,"href":"https:\/\/lahora.mx\/index.php\/wp-json\/wp\/v2\/users\/4"}],"replies":[{"embeddable":true,"href":"https:\/\/lahora.mx\/index.php\/wp-json\/wp\/v2\/comments?post=40384"}],"version-history":[{"count":1,"href":"https:\/\/lahora.mx\/index.php\/wp-json\/wp\/v2\/posts\/40384\/revisions"}],"predecessor-version":[{"id":40386,"href":"https:\/\/lahora.mx\/index.php\/wp-json\/wp\/v2\/posts\/40384\/revisions\/40386"}],"wp:featuredmedia":[{"embeddable":true,"href":"https:\/\/lahora.mx\/index.php\/wp-json\/wp\/v2\/media\/40385"}],"wp:attachment":[{"href":"https:\/\/lahora.mx\/index.php\/wp-json\/wp\/v2\/media?parent=40384"}],"wp:term":[{"taxonomy":"category","embeddable":true,"href":"https:\/\/lahora.mx\/index.php\/wp-json\/wp\/v2\/categories?post=40384"},{"taxonomy":"post_tag","embeddable":true,"href":"https:\/\/lahora.mx\/index.php\/wp-json\/wp\/v2\/tags?post=40384"}],"curies":[{"name":"wp","href":"https:\/\/api.w.org\/{rel}","templated":true}]}}