{"id":40381,"date":"2024-01-23T00:11:10","date_gmt":"2024-01-23T00:11:10","guid":{"rendered":"http:\/\/lahora.mx\/?p=40381"},"modified":"2024-01-23T00:11:10","modified_gmt":"2024-01-23T00:11:10","slug":"del-pri-a-morena-y-de-morena-al-pan-ivan-galindo-se-une-al-equipo-de-riestra","status":"publish","type":"post","link":"https:\/\/lahora.mx\/index.php\/2024\/01\/23\/del-pri-a-morena-y-de-morena-al-pan-ivan-galindo-se-une-al-equipo-de-riestra\/","title":{"rendered":"Del PRI a Morena y de Morena al PAN: Iv\u00e1n Galindo se une al equipo de Riestra"},"content":{"rendered":"\n<p>El exregidor priista Iv\u00e1n Galindo Castillejos se sum\u00f3 al equipo de trabajo del diputado federal panista Mario Riestra Pi\u00f1a, precandidato a la presidencia municipal por la coalici\u00f3n Mejor Rumbo para Puebla.<\/p>\n\n\n\n<p>Su decisi\u00f3n se concret\u00f3 tras su paso como operador pol\u00edtico en Morena, al ser colaborador del legislador federal Ignacio Mier Velazco, a quien apoy\u00f3 en su intento de ser el candidato de la 4T al gobierno del estado.<\/p>\n\n\n\n<p>De acuerdo con Riestra Pi\u00f1a, el expriista fue tomado en cuenta por el Partido Acci\u00f3n Nacional (PAN) debido a su experiencia en el servicio p\u00fablico de la capital; adem\u00e1s, por considerarlo un perfil que antepone el bien de la ciudadan\u00eda a sus intereses propios.<\/p>\n\n\n\n<p>Explic\u00f3 que, tal como lo anunci\u00f3 hace d\u00edas, su proyecto estar\u00e1 abierto a todos los ciudadanos que busquen unir esfuerzos por el bien del municipio de Puebla, sin importar si militaron o apoyaron a otra fuerza pol\u00edtica.<br>Iv\u00e1n Galindo, de los primeros en abandonar las filas del PRI en Puebla<br>Iv\u00e1n Galindo Castillejos es uno de los cuadros m\u00e1s cr\u00edticos del PRI en el estado, incluso fue de los primeros en abandonar sus filas luego de hacer p\u00fablico su descontento con la dirigencia del partido, encabezada por N\u00e9stor Camarillo Medina.<\/p>\n\n\n\n<p>Incluso enfrentar\u00e1 un proceso de expulsi\u00f3n del tricolor pues, de acuerdo con el l\u00edder estatal del PRI, el exregidor nunca renunci\u00f3 al partido para adherirse al equipo de trabajo del morenista Ignacio Mier Velazco.<\/p>\n\n\n\n<p>Ya con Morena se convirti\u00f3 en el principal operador de la plataforma pol\u00edtica-electoral del legislador, al ser designado presidente del Instituto Mexicano para la Transformaci\u00f3n de la Vida P\u00fablica AC (Sumar para Transformar).<br>Fue regidor de Servicios P\u00fablicos del Ayuntamiento de Puebla durante la administraci\u00f3n del panista Luis Bank Serrato; tambi\u00e9n secretario general del Comit\u00e9 Directivo Municipal del PRI.<\/p>\n","protected":false},"excerpt":{"rendered":"<p>El exregidor priista Iv\u00e1n Galindo Castillejos se sum\u00f3 al equipo de trabajo del diputado federal panista Mario Riestra Pi\u00f1a, precandidato a la presidencia municipal por la coalici\u00f3n Mejor Rumbo para Puebla. Su decisi\u00f3n se concret\u00f3 tras su paso como operador pol\u00edtico en Morena, al ser colaborador del legislador federal Ignacio Mier Velazco, a quien apoy\u00f3 [&hellip;]<\/p>\n","protected":false},"author":4,"featured_media":40382,"comment_status":"open","ping_status":"open","sticky":false,"template":"","format":"standard","meta":{"om_disable_all_campaigns":false,"_monsterinsights_skip_tracking":false,"_monsterinsights_sitenote_active":false,"_monsterinsights_sitenote_note":"","_monsterinsights_sitenote_category":0,"footnotes":""},"categories":[175,5],"tags":[223],"class_list":["post-40381","post","type-post","status-publish","format-standard","has-post-thumbnail","hentry","category-local","category-politica","tag-puebla"],"amp_enabled":true,"_links":{"self":[{"href":"https:\/\/lahora.mx\/index.php\/wp-json\/wp\/v2\/posts\/40381","targetHints":{"allow":["GET"]}}],"collection":[{"href":"https:\/\/lahora.mx\/index.php\/wp-json\/wp\/v2\/posts"}],"about":[{"href":"https:\/\/lahora.mx\/index.php\/wp-json\/wp\/v2\/types\/post"}],"author":[{"embeddable":true,"href":"https:\/\/lahora.mx\/index.php\/wp-json\/wp\/v2\/users\/4"}],"replies":[{"embeddable":true,"href":"https:\/\/lahora.mx\/index.php\/wp-json\/wp\/v2\/comments?post=40381"}],"version-history":[{"count":1,"href":"https:\/\/lahora.mx\/index.php\/wp-json\/wp\/v2\/posts\/40381\/revisions"}],"predecessor-version":[{"id":40383,"href":"https:\/\/lahora.mx\/index.php\/wp-json\/wp\/v2\/posts\/40381\/revisions\/40383"}],"wp:featuredmedia":[{"embeddable":true,"href":"https:\/\/lahora.mx\/index.php\/wp-json\/wp\/v2\/media\/40382"}],"wp:attachment":[{"href":"https:\/\/lahora.mx\/index.php\/wp-json\/wp\/v2\/media?parent=40381"}],"wp:term":[{"taxonomy":"category","embeddable":true,"href":"https:\/\/lahora.mx\/index.php\/wp-json\/wp\/v2\/categories?post=40381"},{"taxonomy":"post_tag","embeddable":true,"href":"https:\/\/lahora.mx\/index.php\/wp-json\/wp\/v2\/tags?post=40381"}],"curies":[{"name":"wp","href":"https:\/\/api.w.org\/{rel}","templated":true}]}}