{"id":40372,"date":"2024-01-22T20:18:24","date_gmt":"2024-01-22T20:18:24","guid":{"rendered":"http:\/\/lahora.mx\/?p=40372"},"modified":"2024-01-22T20:18:25","modified_gmt":"2024-01-22T20:18:25","slug":"un-muerto-y-mas-de-10-heridos-tras-dos-choques-diferentes-en-la-federal-atlixco-izucar","status":"publish","type":"post","link":"https:\/\/lahora.mx\/index.php\/2024\/01\/22\/un-muerto-y-mas-de-10-heridos-tras-dos-choques-diferentes-en-la-federal-atlixco-izucar\/","title":{"rendered":"Un muerto y m\u00e1s de 10 heridos tras dos choques diferentes en la federal Atlixco &#8211; Iz\u00facar"},"content":{"rendered":"\n<p>La ma\u00f1ana de este lunes 22 de enero en Atlixco inici\u00f3 con saldo rojo en la carretera federal Atlixco-Iz\u00facar de Matamoros, dejando como saldo una persona muerta y al menos 10 lesionados que fueron trasladados al complejo m\u00e9dico Gonzalo R\u00edo Arronte, esto como resultado de dos accidentes ocurridos a diferente altura de esta v\u00eda.<\/p>\n\n\n\n<p>El primero de ellos se suscit\u00f3 cerca de las 08:00 horas a la altura de la junta auxiliar de la Trinidad Tepango, perteneciente a Atlixco en la carretera federal n\u00famero 190 Puebla-Huajuapan de Le\u00f3n, en el tramo con direcci\u00f3n hacia Iz\u00facar de Matamoros, en el paraje conocido como El Pocito. A un autob\u00fas de la l\u00ednea Oro se le vol\u00f3 una de las llantas delanteras, lo que ocasion\u00f3 que el conductor perdiera el control e impactara contra la base de una estructura met\u00e1lica que se encuentra sobre la v\u00eda en ambos carriles.<\/p>\n\n\n\n<p>La parte baja de esta fue arrastrada por el autob\u00fas, el cual termin\u00f3 su carrera impactando contra el muro de contenci\u00f3n. Varios de los pasajeros y el propio chofer resultaron con lesiones por lo que fueron estabilizados por ambulancias y trasladados al hospital general de Atlixco.<br>El m\u00e1s grave de estos percances se suscit\u00f3 justo en la parte alta del entronque de la v\u00eda Atlixc\u00e1yotl con la federal, un cami\u00f3n cargado con blocks se qued\u00f3 sin frenos cuando bajaba de la v\u00eda r\u00e1pida con sentido a Atlixco, lo que provoc\u00f3 que se volara el carril estamp\u00e1ndose de frente contra la base de la fachada de un fraccionamiento que se encuentra en la zona.<\/p>\n\n\n\n<p>En el camino atrap\u00f3 a un motociclista y un veh\u00edculo particular con tres tripulantes.<\/p>\n\n\n\n<p>Automovilistas se\u00f1alaron que el carguero venia bajando a alta velocidad, posiblemente porque ya le estaban fallando los frenos: \u201cse tambaleaba y el peso lo jalaba, ven\u00eda lleno, yo creo que pens\u00f3 que la peque\u00f1a subida lo iba a detener cuando vimos que vol\u00f3 el mont\u00edculo, de inmediato subimos para tratar de ayudar, pero ya se hab\u00eda estrellado y volcado, apoyamos al motociclista al que lo salv\u00f3 su casco\u201d, relataron.<br>Uno de los tripulantes del carguero falleci\u00f3 en el lugar, y el cami\u00f3n termin\u00f3 volcado en sentido contrario al que iba. En toda el \u00e1rea qued\u00f3 regada su carga y en una parte el cuerpo sin vida de uno de los que viajaban en \u00e9l.<\/p>\n\n\n\n<p>En tanto que el cuerpo de la persona fallecida fue levantado por el servicio m\u00e9dico forense a cargo de la Fiscal\u00eda General del Estado (FGE) los elementos de la dependencia iniciaron la carpeta de investigaci\u00f3n para deslindar responsabilidades.<\/p>\n\n\n\n<p>La circulaci\u00f3n en el \u00e1rea est\u00e1 cortada, aunque para los que vienen de la autopista pueden ingresar normalmente por la parte alta para entrar a Atlixco por el asta bandera y bajar para ir hacia Iz\u00facar. Sin embargo, los que vienen sobre la Federal a Puebla deben ingresar a la ciudad de Atlixco tomar Rafael Moreno Valle, 6 Norte hacia el rastro para salir al bulevar Emiliano Zapata y de ah\u00ed entroncar con el corredor gastron\u00f3mico.<\/p>\n\n\n\n<p>Tanto el otro tripulante como el motociclista fueron trasladados al Gonzalo R\u00edo Arronte, para su atenci\u00f3n. En el caso del veh\u00edculo particular las dos mujeres que lo tripulaban presentaron crisis nerviosa y fueron atendidas en el lugar, fueron las bolsas de aire de su carro las que evitaron salieran impactadas contra el parabrisas de su propio auto.<\/p>\n","protected":false},"excerpt":{"rendered":"<p>La ma\u00f1ana de este lunes 22 de enero en Atlixco inici\u00f3 con saldo rojo en la carretera federal Atlixco-Iz\u00facar de Matamoros, dejando como saldo una persona muerta y al menos 10 lesionados que fueron trasladados al complejo m\u00e9dico Gonzalo R\u00edo Arronte, esto como resultado de dos accidentes ocurridos a diferente altura de esta v\u00eda. El [&hellip;]<\/p>\n","protected":false},"author":4,"featured_media":40373,"comment_status":"open","ping_status":"open","sticky":false,"template":"","format":"standard","meta":{"om_disable_all_campaigns":false,"_monsterinsights_skip_tracking":false,"_monsterinsights_sitenote_active":false,"_monsterinsights_sitenote_note":"","_monsterinsights_sitenote_category":0,"footnotes":""},"categories":[175],"tags":[223],"class_list":["post-40372","post","type-post","status-publish","format-standard","has-post-thumbnail","hentry","category-local","tag-puebla"],"amp_enabled":true,"_links":{"self":[{"href":"https:\/\/lahora.mx\/index.php\/wp-json\/wp\/v2\/posts\/40372","targetHints":{"allow":["GET"]}}],"collection":[{"href":"https:\/\/lahora.mx\/index.php\/wp-json\/wp\/v2\/posts"}],"about":[{"href":"https:\/\/lahora.mx\/index.php\/wp-json\/wp\/v2\/types\/post"}],"author":[{"embeddable":true,"href":"https:\/\/lahora.mx\/index.php\/wp-json\/wp\/v2\/users\/4"}],"replies":[{"embeddable":true,"href":"https:\/\/lahora.mx\/index.php\/wp-json\/wp\/v2\/comments?post=40372"}],"version-history":[{"count":1,"href":"https:\/\/lahora.mx\/index.php\/wp-json\/wp\/v2\/posts\/40372\/revisions"}],"predecessor-version":[{"id":40374,"href":"https:\/\/lahora.mx\/index.php\/wp-json\/wp\/v2\/posts\/40372\/revisions\/40374"}],"wp:featuredmedia":[{"embeddable":true,"href":"https:\/\/lahora.mx\/index.php\/wp-json\/wp\/v2\/media\/40373"}],"wp:attachment":[{"href":"https:\/\/lahora.mx\/index.php\/wp-json\/wp\/v2\/media?parent=40372"}],"wp:term":[{"taxonomy":"category","embeddable":true,"href":"https:\/\/lahora.mx\/index.php\/wp-json\/wp\/v2\/categories?post=40372"},{"taxonomy":"post_tag","embeddable":true,"href":"https:\/\/lahora.mx\/index.php\/wp-json\/wp\/v2\/tags?post=40372"}],"curies":[{"name":"wp","href":"https:\/\/api.w.org\/{rel}","templated":true}]}}