{"id":40363,"date":"2024-01-22T17:05:31","date_gmt":"2024-01-22T17:05:31","guid":{"rendered":"http:\/\/lahora.mx\/?p=40363"},"modified":"2024-01-22T17:05:32","modified_gmt":"2024-01-22T17:05:32","slug":"ayuntamiento-de-puebla-entregara-bases-a-trabajadores","status":"publish","type":"post","link":"https:\/\/lahora.mx\/index.php\/2024\/01\/22\/ayuntamiento-de-puebla-entregara-bases-a-trabajadores\/","title":{"rendered":"Ayuntamiento de Puebla entregar\u00e1 bases a trabajadores"},"content":{"rendered":"\n<p>El presidente municipal de Puebla Ad\u00e1n Dom\u00ednguez S\u00e1nchez confirm\u00f3 que se otorgar\u00e1n nombramientos de base a diversos trabajadores del ayuntamiento de Puebla durante la recta final de su administraci\u00f3n.<\/p>\n\n\n\n<p>Es de mencionar que de acuerdo con datos proporcionados a e-consulta, el gobierno de la ciudad acept\u00f3 otorgar 90 nuevas plazas que en su mayor\u00eda ser\u00e1n para recomendados y familiares del dirigente sindical Gonzalo Ju\u00e1rez M\u00e9ndez.<\/p>\n\n\n\n<p>En entrevista despu\u00e9s de realizar la entrega de veh\u00edculos a la Secretar\u00eda de Seguridad Ciudadana (SSC) el alcalde panista mencion\u00f3 que la propia Ley de Trabajadores del Ayuntamiento de Puebla les permite realizar algunos nombramientos antes de irse.<\/p>\n\n\n\n<p>Inform\u00f3 que el gobierno de la ciudad est\u00e1 revisando la situaci\u00f3n que corresponde a las bases que han quedado vacantes por personas que han fallecido.<\/p>\n\n\n\n<p>Adem\u00e1s de que estar\u00e1n privilegiando y priorizando aquellas personas que tienen mayor tiempo de trabajo en el ayuntamiento y las que laboran en \u00e1reas operativas, ya que la finalidad es que sean esas personas las ocupen las plazas.<\/p>\n\n\n\n<p>Asimismo, dijo que tambi\u00e9n tendr\u00e1n acercamiento con el Sindicato \u00danico de Empleados y Trabajadores del Ayuntamiento de Puebla \u201cBenito Ju\u00e1rez Garc\u00eda\u201d para que sean consultados sobre la entrega de bases a trabajadores de confianza.<\/p>\n\n\n\n<p>\u00abEstamos analiz\u00e1ndolo, estaremos dando a conocer la decisi\u00f3n final en pr\u00f3ximos d\u00edas, siempre con el respeto a todos los trabajadores del ayuntamiento y en coordinaci\u00f3n con Sindicato Benito Ju\u00e1rez para que este beneficio sea a las personas que as\u00ed lo merecen y las personas que han dado parte de su vida a este trabajo\u00bb, asegur\u00f3.<\/p>\n","protected":false},"excerpt":{"rendered":"<p>El presidente municipal de Puebla Ad\u00e1n Dom\u00ednguez S\u00e1nchez confirm\u00f3 que se otorgar\u00e1n nombramientos de base a diversos trabajadores del ayuntamiento de Puebla durante la recta final de su administraci\u00f3n. Es de mencionar que de acuerdo con datos proporcionados a e-consulta, el gobierno de la ciudad acept\u00f3 otorgar 90 nuevas plazas que en su mayor\u00eda ser\u00e1n [&hellip;]<\/p>\n","protected":false},"author":4,"featured_media":40364,"comment_status":"open","ping_status":"open","sticky":false,"template":"","format":"standard","meta":{"om_disable_all_campaigns":false,"_monsterinsights_skip_tracking":false,"_monsterinsights_sitenote_active":false,"_monsterinsights_sitenote_note":"","_monsterinsights_sitenote_category":0,"footnotes":""},"categories":[175],"tags":[223],"class_list":["post-40363","post","type-post","status-publish","format-standard","has-post-thumbnail","hentry","category-local","tag-puebla"],"amp_enabled":true,"_links":{"self":[{"href":"https:\/\/lahora.mx\/index.php\/wp-json\/wp\/v2\/posts\/40363","targetHints":{"allow":["GET"]}}],"collection":[{"href":"https:\/\/lahora.mx\/index.php\/wp-json\/wp\/v2\/posts"}],"about":[{"href":"https:\/\/lahora.mx\/index.php\/wp-json\/wp\/v2\/types\/post"}],"author":[{"embeddable":true,"href":"https:\/\/lahora.mx\/index.php\/wp-json\/wp\/v2\/users\/4"}],"replies":[{"embeddable":true,"href":"https:\/\/lahora.mx\/index.php\/wp-json\/wp\/v2\/comments?post=40363"}],"version-history":[{"count":1,"href":"https:\/\/lahora.mx\/index.php\/wp-json\/wp\/v2\/posts\/40363\/revisions"}],"predecessor-version":[{"id":40365,"href":"https:\/\/lahora.mx\/index.php\/wp-json\/wp\/v2\/posts\/40363\/revisions\/40365"}],"wp:featuredmedia":[{"embeddable":true,"href":"https:\/\/lahora.mx\/index.php\/wp-json\/wp\/v2\/media\/40364"}],"wp:attachment":[{"href":"https:\/\/lahora.mx\/index.php\/wp-json\/wp\/v2\/media?parent=40363"}],"wp:term":[{"taxonomy":"category","embeddable":true,"href":"https:\/\/lahora.mx\/index.php\/wp-json\/wp\/v2\/categories?post=40363"},{"taxonomy":"post_tag","embeddable":true,"href":"https:\/\/lahora.mx\/index.php\/wp-json\/wp\/v2\/tags?post=40363"}],"curies":[{"name":"wp","href":"https:\/\/api.w.org\/{rel}","templated":true}]}}