{"id":40316,"date":"2024-01-21T21:53:52","date_gmt":"2024-01-21T21:53:52","guid":{"rendered":"http:\/\/lahora.mx\/?p=40316"},"modified":"2024-01-21T21:53:53","modified_gmt":"2024-01-21T21:53:53","slug":"amlo-asegura-que-la-presidencia-quedara-en-muy-buenas-manos","status":"publish","type":"post","link":"https:\/\/lahora.mx\/index.php\/2024\/01\/21\/amlo-asegura-que-la-presidencia-quedara-en-muy-buenas-manos\/","title":{"rendered":"AMLO asegura que la Presidencia quedar\u00e1 \u201cen muy buenas manos\u201d"},"content":{"rendered":"\n<p>A ocho meses de que concluya su sexenio, el presidente Andr\u00e9s Manuel L\u00f3pez Obrador asegur\u00f3 que la Presidencia de la Rep\u00fablica quedar\u00e1 en muy buenas manos, \u201cno se los dir\u00eda si no fuese as\u00ed\u201d.<\/p>\n\n\n\n<p>\u201cAunque yo ya no est\u00e9 porque me voy a jubilar, el movimiento va a continuar. Y el pa\u00eds va a quedar en muy buenas manos. No se los dir\u00eda si no fuese as\u00ed. Quien me va a sustituir, lo dije ayer y lo repito hoy, va a ser igual o mejor que el actual Presidente de M\u00e9xico. Entonces, no hay nada de qu\u00e9 preocuparse\u201d, asegur\u00f3.<\/p>\n\n\n\n<p>Al supervisar los avances de los programas del Bienestar, en el Palacio de Convenciones de esta ciudad, L\u00f3pez Obrador dijo que se va muy contento por todo lo que se ha avanzado en el pa\u00eds.<\/p>\n\n\n\n<p>\u201cMe voy contento porque se ha avanzado. Ya sentamos las bases para la transformaci\u00f3n. Tambi\u00e9n me voy contento porque cumplimos con el principio maderista de sufragio efectivo, no reelecci\u00f3n. Me voy contento porque vamos a seguir llevando a cabo la transformaci\u00f3n\u201d.<\/p>\n\n\n\n<p>Acompa\u00f1ado por el gobernador de Zacatecas, David Monreal \u00c1vila (Morena), integrante de su Gabinete, el Mandatario expres\u00f3 que el pr\u00f3ximo 5 febrero enviar\u00e1 un paquete de reformas para modificar la Constituci\u00f3n con el objeto de garantizar todos los derechos que tiene el pueblo a la justicia.<br>\u201cPara que la Constituci\u00f3n tenga ese esp\u00edritu que se le dio despu\u00e9s de la Revoluci\u00f3n, despu\u00e9s del sacrificio de millones de mexicanos, que haya justicia social en nuestro pa\u00eds\u201d, indic\u00f3.<\/p>\n\n\n\n<p>Entre las iniciativas que enviar\u00e1 al Congreso, el Presidente dijo que propondr\u00e1 una reforma para que nadie gane m\u00e1s que el titular del Ejecutivo.<\/p>\n\n\n\n<p>\u201cVoy a enviar una nueva reforma de iniciativa de la Construcci\u00f3n para que nadie gane m\u00e1s que lo que obtiene de ingresos el Presidente de la Rep\u00fablica, ahora los ministros ganan cuatro veces m\u00e1s que lo que yo obtengo, desde que llegu\u00e9 me reduje el sueldo y as\u00ed en general, no hay camionetas blindadas ni viajes al extranjero sin ton ni son\u201d destac\u00f3.<\/p>\n","protected":false},"excerpt":{"rendered":"<p>A ocho meses de que concluya su sexenio, el presidente Andr\u00e9s Manuel L\u00f3pez Obrador asegur\u00f3 que la Presidencia de la Rep\u00fablica quedar\u00e1 en muy buenas manos, \u201cno se los dir\u00eda si no fuese as\u00ed\u201d. \u201cAunque yo ya no est\u00e9 porque me voy a jubilar, el movimiento va a continuar. Y el pa\u00eds va a quedar [&hellip;]<\/p>\n","protected":false},"author":4,"featured_media":40317,"comment_status":"open","ping_status":"open","sticky":false,"template":"","format":"standard","meta":{"om_disable_all_campaigns":false,"_monsterinsights_skip_tracking":false,"_monsterinsights_sitenote_active":false,"_monsterinsights_sitenote_note":"","_monsterinsights_sitenote_category":0,"footnotes":""},"categories":[176],"tags":[],"class_list":["post-40316","post","type-post","status-publish","format-standard","has-post-thumbnail","hentry","category-nacional"],"amp_enabled":true,"_links":{"self":[{"href":"https:\/\/lahora.mx\/index.php\/wp-json\/wp\/v2\/posts\/40316","targetHints":{"allow":["GET"]}}],"collection":[{"href":"https:\/\/lahora.mx\/index.php\/wp-json\/wp\/v2\/posts"}],"about":[{"href":"https:\/\/lahora.mx\/index.php\/wp-json\/wp\/v2\/types\/post"}],"author":[{"embeddable":true,"href":"https:\/\/lahora.mx\/index.php\/wp-json\/wp\/v2\/users\/4"}],"replies":[{"embeddable":true,"href":"https:\/\/lahora.mx\/index.php\/wp-json\/wp\/v2\/comments?post=40316"}],"version-history":[{"count":1,"href":"https:\/\/lahora.mx\/index.php\/wp-json\/wp\/v2\/posts\/40316\/revisions"}],"predecessor-version":[{"id":40318,"href":"https:\/\/lahora.mx\/index.php\/wp-json\/wp\/v2\/posts\/40316\/revisions\/40318"}],"wp:featuredmedia":[{"embeddable":true,"href":"https:\/\/lahora.mx\/index.php\/wp-json\/wp\/v2\/media\/40317"}],"wp:attachment":[{"href":"https:\/\/lahora.mx\/index.php\/wp-json\/wp\/v2\/media?parent=40316"}],"wp:term":[{"taxonomy":"category","embeddable":true,"href":"https:\/\/lahora.mx\/index.php\/wp-json\/wp\/v2\/categories?post=40316"},{"taxonomy":"post_tag","embeddable":true,"href":"https:\/\/lahora.mx\/index.php\/wp-json\/wp\/v2\/tags?post=40316"}],"curies":[{"name":"wp","href":"https:\/\/api.w.org\/{rel}","templated":true}]}}