{"id":40313,"date":"2024-01-21T18:33:13","date_gmt":"2024-01-21T18:33:13","guid":{"rendered":"http:\/\/lahora.mx\/?p=40313"},"modified":"2024-01-21T18:33:13","modified_gmt":"2024-01-21T18:33:13","slug":"hombre-es-hallado-sin-vida-y-con-huellas-de-violencia-en-su-domicilio","status":"publish","type":"post","link":"https:\/\/lahora.mx\/index.php\/2024\/01\/21\/hombre-es-hallado-sin-vida-y-con-huellas-de-violencia-en-su-domicilio\/","title":{"rendered":"Hombre es hallado sin vida y con huellas de violencia en su domicilio"},"content":{"rendered":"\n<p>Un hombre de la tercera edad, fue hallado sin vida y con huellas de violencia, anoche en su vivienda de la junta auxiliar de San Jer\u00f3nimo Caleras; fuentes policiales presumen que tuvo un altercado con sus propios familiares y estos ya son buscados por las autoridades ministeriales, principalmente su hija que se desempe\u00f1\u00f3 como polic\u00eda auxiliar.<\/p>\n\n\n\n<p>De acuerdo a fuentes polic\u00edacas se sabe que ayer poco antes de la medianoche, un grupo de personas conviv\u00edan dentro de una vivienda en la colonia Guadalupe Caleras dentro de la citada junta auxiliar cuando vecinos escucharon que dos personas estaban golpeando a un tercero y al parecer le estaba dando un infarto.<\/p>\n\n\n\n<p>Seguir leyendo: Detienen a \u201cEl Pecas\u201d, homicida del due\u00f1o del bar Chicago\u2019s<br>De inmediato llamaron al n\u00famero de emergencias 9-1-1 y as\u00ed poco despu\u00e9s llegaron param\u00e9dicos del Sistema de Urgencias M\u00e9dicas Avanzadas (SUMA) en la ambulancia 179, pero al revisar al var\u00f3n, de 70 a\u00f1os de edad y de nombre Ismael, ya no ten\u00eda signos vitales, adem\u00e1s de que presentaba huellas de golpes en la mayor parte del cuerpo.<\/p>\n\n\n\n<p>La gente se\u00f1al\u00f3 a los elementos de la polic\u00eda municipal de la Secretar\u00eda de Seguridad Ciudadana (SSC), que del lugar salieron huyendo el yerno de Ismael y su esposa Alejandra quien es hija del ahora occiso, quienes presuntamente ser\u00edan quienes lo golpearon.<\/p>\n\n\n\n<p>Abandonan feto en contenedor de basura en Puebla<br>Esto lo corroboraron testigos quienes agregaron que Alejandra, de 36 a\u00f1os de edad, anteriormente se desempe\u00f1\u00f3 como elemento de la polic\u00eda auxiliar en San Jer\u00f3nimo.<\/p>\n\n\n\n<p>Ante los hechos llegaron peritos y agentes ministeriales de la Fiscal\u00eda General del Estado de la Coordinaci\u00f3n General Especializada en la Investigaci\u00f3n de Homicidios quienes encabezaron las diligencias del levantamiento de cad\u00e1ver.<\/p>\n\n\n\n<p>El cuerpo fue trasladado a las instalaciones del Servicio M\u00e9dico Forense para hacerle la autopsia de rigor y determinar si el septuagenario muri\u00f3 de manera accidental o fue propinado por la golpiza a manos de su propia hija y yerno quienes al momento est\u00e1n sin ser localizados y ya los buscan las autoridades ministeriales.<\/p>\n","protected":false},"excerpt":{"rendered":"<p>Un hombre de la tercera edad, fue hallado sin vida y con huellas de violencia, anoche en su vivienda de la junta auxiliar de San Jer\u00f3nimo Caleras; fuentes policiales presumen que tuvo un altercado con sus propios familiares y estos ya son buscados por las autoridades ministeriales, principalmente su hija que se desempe\u00f1\u00f3 como polic\u00eda [&hellip;]<\/p>\n","protected":false},"author":4,"featured_media":40314,"comment_status":"open","ping_status":"open","sticky":false,"template":"","format":"standard","meta":{"om_disable_all_campaigns":false,"_monsterinsights_skip_tracking":false,"_monsterinsights_sitenote_active":false,"_monsterinsights_sitenote_note":"","_monsterinsights_sitenote_category":0,"footnotes":""},"categories":[175,226],"tags":[223],"class_list":["post-40313","post","type-post","status-publish","format-standard","has-post-thumbnail","hentry","category-local","category-policia","tag-puebla"],"amp_enabled":true,"_links":{"self":[{"href":"https:\/\/lahora.mx\/index.php\/wp-json\/wp\/v2\/posts\/40313","targetHints":{"allow":["GET"]}}],"collection":[{"href":"https:\/\/lahora.mx\/index.php\/wp-json\/wp\/v2\/posts"}],"about":[{"href":"https:\/\/lahora.mx\/index.php\/wp-json\/wp\/v2\/types\/post"}],"author":[{"embeddable":true,"href":"https:\/\/lahora.mx\/index.php\/wp-json\/wp\/v2\/users\/4"}],"replies":[{"embeddable":true,"href":"https:\/\/lahora.mx\/index.php\/wp-json\/wp\/v2\/comments?post=40313"}],"version-history":[{"count":1,"href":"https:\/\/lahora.mx\/index.php\/wp-json\/wp\/v2\/posts\/40313\/revisions"}],"predecessor-version":[{"id":40315,"href":"https:\/\/lahora.mx\/index.php\/wp-json\/wp\/v2\/posts\/40313\/revisions\/40315"}],"wp:featuredmedia":[{"embeddable":true,"href":"https:\/\/lahora.mx\/index.php\/wp-json\/wp\/v2\/media\/40314"}],"wp:attachment":[{"href":"https:\/\/lahora.mx\/index.php\/wp-json\/wp\/v2\/media?parent=40313"}],"wp:term":[{"taxonomy":"category","embeddable":true,"href":"https:\/\/lahora.mx\/index.php\/wp-json\/wp\/v2\/categories?post=40313"},{"taxonomy":"post_tag","embeddable":true,"href":"https:\/\/lahora.mx\/index.php\/wp-json\/wp\/v2\/tags?post=40313"}],"curies":[{"name":"wp","href":"https:\/\/api.w.org\/{rel}","templated":true}]}}