{"id":40310,"date":"2024-01-21T18:31:22","date_gmt":"2024-01-21T18:31:22","guid":{"rendered":"http:\/\/lahora.mx\/?p=40310"},"modified":"2024-01-21T18:31:23","modified_gmt":"2024-01-21T18:31:23","slug":"8-militares-ligados-a-caso-ayotzinapa-son-liberados","status":"publish","type":"post","link":"https:\/\/lahora.mx\/index.php\/2024\/01\/21\/8-militares-ligados-a-caso-ayotzinapa-son-liberados\/","title":{"rendered":"8 militares ligados a caso Ayotzinapa son liberados"},"content":{"rendered":"\n<p>La juez segundo de Distrito en Procesos Penales Federales con sede en Toluca, Estado de M\u00e9xico, Raquel Ivette Duarte Cedillo, orden\u00f3 la liberaci\u00f3n de ocho militares acusados de estar vinculados a la desaparici\u00f3n de los normalistas de Ayotzinapa, a quienes se les revoc\u00f3 la prisi\u00f3n preventiva oficiosa que se hab\u00eda impuesto en su contra.<\/p>\n\n\n\n<p>Las defensas de los integrantes de la Sedena interpusieron diversos amparos, que fueron aceptados por lo que el fallo de libertad inmediata es para Gustavo Rodr\u00edguez de la Cruz, Omar Torres Marquillo, Juan Andr\u00e9s Flores Lagunas, Ramiro Manzanares Sanabria, Roberto de los Santos Eduviges, Eloy Estrada D\u00edaz, Uri Yashiel Reyes Lazos y Juan Sotelo D\u00edaz.<\/p>\n\n\n\n<p>Adem\u00e1s de que impuso nuevas medidas cautelares a los efectivos castrenses para que lleven en libertad su proceso por el delito de desaparici\u00f3n forzada.<\/p>\n\n\n\n<p>Dentro de las medidas impuestas est\u00e1n la presentaci\u00f3n ante la Unidad de Medidas Cautelares los d\u00edas 1 y 16 de cada mes, as\u00ed como la entrega del pasaporte y la prohibici\u00f3n de salir del pa\u00eds y el pago de una garant\u00eda para que puedan abandonar Campo Militar.<br>La juez consider\u00f3 que hab\u00edan cambiado las condiciones por las que el pasado 22 de junio les hab\u00edan dictado la prisi\u00f3n preventiva oficiosa y que ya no exist\u00eda el riesgo de que alguno de los imputados pudiera darse a la fuga.<\/p>\n\n\n\n<p>Los procesados son parte de la lista de 16 militares contra los que el pasado 13 de junio se orden\u00f3 la aprehensi\u00f3n por el delito de desaparici\u00f3n forzada. Los ocho se entregaron voluntariamente ante la FGR, una semana despu\u00e9s de que se ordenaran sus capturas.<\/p>\n","protected":false},"excerpt":{"rendered":"<p>La juez segundo de Distrito en Procesos Penales Federales con sede en Toluca, Estado de M\u00e9xico, Raquel Ivette Duarte Cedillo, orden\u00f3 la liberaci\u00f3n de ocho militares acusados de estar vinculados a la desaparici\u00f3n de los normalistas de Ayotzinapa, a quienes se les revoc\u00f3 la prisi\u00f3n preventiva oficiosa que se hab\u00eda impuesto en su contra. Las [&hellip;]<\/p>\n","protected":false},"author":4,"featured_media":40311,"comment_status":"open","ping_status":"open","sticky":false,"template":"","format":"standard","meta":{"om_disable_all_campaigns":false,"_monsterinsights_skip_tracking":false,"_monsterinsights_sitenote_active":false,"_monsterinsights_sitenote_note":"","_monsterinsights_sitenote_category":0,"footnotes":""},"categories":[176],"tags":[195,223],"class_list":["post-40310","post","type-post","status-publish","format-standard","has-post-thumbnail","hentry","category-nacional","tag-principal","tag-puebla"],"amp_enabled":true,"_links":{"self":[{"href":"https:\/\/lahora.mx\/index.php\/wp-json\/wp\/v2\/posts\/40310","targetHints":{"allow":["GET"]}}],"collection":[{"href":"https:\/\/lahora.mx\/index.php\/wp-json\/wp\/v2\/posts"}],"about":[{"href":"https:\/\/lahora.mx\/index.php\/wp-json\/wp\/v2\/types\/post"}],"author":[{"embeddable":true,"href":"https:\/\/lahora.mx\/index.php\/wp-json\/wp\/v2\/users\/4"}],"replies":[{"embeddable":true,"href":"https:\/\/lahora.mx\/index.php\/wp-json\/wp\/v2\/comments?post=40310"}],"version-history":[{"count":1,"href":"https:\/\/lahora.mx\/index.php\/wp-json\/wp\/v2\/posts\/40310\/revisions"}],"predecessor-version":[{"id":40312,"href":"https:\/\/lahora.mx\/index.php\/wp-json\/wp\/v2\/posts\/40310\/revisions\/40312"}],"wp:featuredmedia":[{"embeddable":true,"href":"https:\/\/lahora.mx\/index.php\/wp-json\/wp\/v2\/media\/40311"}],"wp:attachment":[{"href":"https:\/\/lahora.mx\/index.php\/wp-json\/wp\/v2\/media?parent=40310"}],"wp:term":[{"taxonomy":"category","embeddable":true,"href":"https:\/\/lahora.mx\/index.php\/wp-json\/wp\/v2\/categories?post=40310"},{"taxonomy":"post_tag","embeddable":true,"href":"https:\/\/lahora.mx\/index.php\/wp-json\/wp\/v2\/tags?post=40310"}],"curies":[{"name":"wp","href":"https:\/\/api.w.org\/{rel}","templated":true}]}}