{"id":40142,"date":"2024-01-17T18:03:23","date_gmt":"2024-01-17T18:03:23","guid":{"rendered":"http:\/\/lahora.mx\/?p=40142"},"modified":"2024-01-17T18:03:23","modified_gmt":"2024-01-17T18:03:23","slug":"ayuntamiento-de-puebla-busca-ampliar-y-remodelar-ciclovias","status":"publish","type":"post","link":"https:\/\/lahora.mx\/index.php\/2024\/01\/17\/ayuntamiento-de-puebla-busca-ampliar-y-remodelar-ciclovias\/","title":{"rendered":"Ayuntamiento de Puebla busca ampliar y remodelar ciclov\u00edas"},"content":{"rendered":"\n<p>Para este 2024, el ayuntamiento de Puebla ampliar\u00e1 la red de ciclov\u00edas en el municipio y para ello se cuenta con un recurso de 6 millones de pesos, inform\u00f3 el alcalde Ad\u00e1n Dom\u00ednguez S\u00e1nchez.<\/p>\n\n\n\n<p>En entrevista, el presidente municipal detall\u00f3 que se dar\u00e1 mantenimiento a las ciclov\u00edas con las que ya cuenta la capital, adem\u00e1s de que tambi\u00e9n se aumentar\u00e1 la infraestructura.<\/p>\n\n\n\n<p>\u00abVamos a construir m\u00e1s ciclov\u00edas. Hay 6 millones de pesos destinados para este 2024, vamos a seguir con la construcci\u00f3n de ciclov\u00edas como lo hemos hecho los \u00faltimos dos a\u00f1os de gobierno\u00bb, declar\u00f3.<br>Coment\u00f3 que en conjunto con la subsecretar\u00eda de Movilidad se est\u00e1n realizaron recorridos para revisar las necesidades en la infraestructura ciclista.<\/p>\n\n\n\n<p>Es de mencionar que para este a\u00f1o tambi\u00e9n se abrir\u00e1 el primer biciestacionamiento masivo en Margaritas, el cual ser\u00e1 gratuito para los usuarios hasta octubre de 2024. El biciestacionamiento podr\u00e1 albergar hasta 200 bicicletas por d\u00eda.<\/p>\n\n\n\n<p>En la Ley de Ingresos 2024 se incluy\u00f3 como concepto nuevo el pago por la ocupaci\u00f3n de espacio para resguardo hasta por 12 horas al d\u00eda en el Biciestacionamiento Masivo de la Terminal Margaritas, el cual ser\u00e1 de 6 pesos.<\/p>\n","protected":false},"excerpt":{"rendered":"<p>Para este 2024, el ayuntamiento de Puebla ampliar\u00e1 la red de ciclov\u00edas en el municipio y para ello se cuenta con un recurso de 6 millones de pesos, inform\u00f3 el alcalde Ad\u00e1n Dom\u00ednguez S\u00e1nchez. En entrevista, el presidente municipal detall\u00f3 que se dar\u00e1 mantenimiento a las ciclov\u00edas con las que ya cuenta la capital, adem\u00e1s [&hellip;]<\/p>\n","protected":false},"author":4,"featured_media":40143,"comment_status":"open","ping_status":"open","sticky":false,"template":"","format":"standard","meta":{"om_disable_all_campaigns":false,"_monsterinsights_skip_tracking":false,"_monsterinsights_sitenote_active":false,"_monsterinsights_sitenote_note":"","_monsterinsights_sitenote_category":0,"footnotes":""},"categories":[175],"tags":[223],"class_list":["post-40142","post","type-post","status-publish","format-standard","has-post-thumbnail","hentry","category-local","tag-puebla"],"amp_enabled":true,"_links":{"self":[{"href":"https:\/\/lahora.mx\/index.php\/wp-json\/wp\/v2\/posts\/40142","targetHints":{"allow":["GET"]}}],"collection":[{"href":"https:\/\/lahora.mx\/index.php\/wp-json\/wp\/v2\/posts"}],"about":[{"href":"https:\/\/lahora.mx\/index.php\/wp-json\/wp\/v2\/types\/post"}],"author":[{"embeddable":true,"href":"https:\/\/lahora.mx\/index.php\/wp-json\/wp\/v2\/users\/4"}],"replies":[{"embeddable":true,"href":"https:\/\/lahora.mx\/index.php\/wp-json\/wp\/v2\/comments?post=40142"}],"version-history":[{"count":1,"href":"https:\/\/lahora.mx\/index.php\/wp-json\/wp\/v2\/posts\/40142\/revisions"}],"predecessor-version":[{"id":40144,"href":"https:\/\/lahora.mx\/index.php\/wp-json\/wp\/v2\/posts\/40142\/revisions\/40144"}],"wp:featuredmedia":[{"embeddable":true,"href":"https:\/\/lahora.mx\/index.php\/wp-json\/wp\/v2\/media\/40143"}],"wp:attachment":[{"href":"https:\/\/lahora.mx\/index.php\/wp-json\/wp\/v2\/media?parent=40142"}],"wp:term":[{"taxonomy":"category","embeddable":true,"href":"https:\/\/lahora.mx\/index.php\/wp-json\/wp\/v2\/categories?post=40142"},{"taxonomy":"post_tag","embeddable":true,"href":"https:\/\/lahora.mx\/index.php\/wp-json\/wp\/v2\/tags?post=40142"}],"curies":[{"name":"wp","href":"https:\/\/api.w.org\/{rel}","templated":true}]}}