{"id":40139,"date":"2024-01-17T18:01:18","date_gmt":"2024-01-17T18:01:18","guid":{"rendered":"http:\/\/lahora.mx\/?p=40139"},"modified":"2024-01-17T18:01:18","modified_gmt":"2024-01-17T18:01:18","slug":"tres-personas-heridas-tras-aparatoso-accidente-en-via-atlixcayotl","status":"publish","type":"post","link":"https:\/\/lahora.mx\/index.php\/2024\/01\/17\/tres-personas-heridas-tras-aparatoso-accidente-en-via-atlixcayotl\/","title":{"rendered":"Tres personas heridas tras aparatoso accidente en V\u00eda Atlixc\u00e1yotl"},"content":{"rendered":"\n<p>Un fuerte accidente se registr\u00f3 en la autopista V\u00eda Atlixc\u00e1yotl la ma\u00f1ana de este mi\u00e9rcoles 17 de enero, en el que estuvieron involucrados un autom\u00f3vil particular y una pipa de agua y que dej\u00f3 tres personas gravemente lesionadas.<\/p>\n\n\n\n<p>Testigos se\u00f1alaron que el veh\u00edculo marca Tsuru color blanco se impact\u00f3 contra un cami\u00f3n de carga, presuntamente una nodriza, y posteriormente una pipa lo termin\u00f3 de proyectar contra el monte, donde qued\u00f3 casi desecho.<\/p>\n\n\n\n<p>Sus tripulantes pudieron descender de la unidad desde ese momento y pese a que los usuarios de la v\u00eda avisaron en caseta pasadas las 7:30 horas no hab\u00eda presencia de ambulancias para apoyarlos.<br>La situaci\u00f3n de salud de los heridos se vio agravada debido a la tardanza de los servicios de emergencias, pues tambi\u00e9n presentaron s\u00edntomas de hipotermia.<\/p>\n\n\n\n<p>De acuerdo con reportes, la ambulancia que lleg\u00f3 a atender el siniestro, luego de casi dos horas de espera, pertenece al municipio de Atlixco a pesar de que no es su jurisdicci\u00f3n, pues el accidente sucedi\u00f3 en territorio de Santa Isabel Cholula.<\/p>\n\n\n\n<p>El hecho sucedi\u00f3 en el kil\u00f3metro 15 con sentido a Puebla, los tripulantes viajaban de Ixcamilpa de Guerrero con destino a la Ciudad de M\u00e9xico. Extraoficialmente se sabe que los reportes de auxilio fueron enviado al arco de seguridad, pero no hubo env\u00edo de unidades de param\u00e9dicos.<\/p>\n","protected":false},"excerpt":{"rendered":"<p>Un fuerte accidente se registr\u00f3 en la autopista V\u00eda Atlixc\u00e1yotl la ma\u00f1ana de este mi\u00e9rcoles 17 de enero, en el que estuvieron involucrados un autom\u00f3vil particular y una pipa de agua y que dej\u00f3 tres personas gravemente lesionadas. Testigos se\u00f1alaron que el veh\u00edculo marca Tsuru color blanco se impact\u00f3 contra un cami\u00f3n de carga, presuntamente [&hellip;]<\/p>\n","protected":false},"author":4,"featured_media":40140,"comment_status":"open","ping_status":"open","sticky":false,"template":"","format":"standard","meta":{"om_disable_all_campaigns":false,"_monsterinsights_skip_tracking":false,"_monsterinsights_sitenote_active":false,"_monsterinsights_sitenote_note":"","_monsterinsights_sitenote_category":0,"footnotes":""},"categories":[175,226],"tags":[223],"class_list":["post-40139","post","type-post","status-publish","format-standard","has-post-thumbnail","hentry","category-local","category-policia","tag-puebla"],"amp_enabled":true,"_links":{"self":[{"href":"https:\/\/lahora.mx\/index.php\/wp-json\/wp\/v2\/posts\/40139","targetHints":{"allow":["GET"]}}],"collection":[{"href":"https:\/\/lahora.mx\/index.php\/wp-json\/wp\/v2\/posts"}],"about":[{"href":"https:\/\/lahora.mx\/index.php\/wp-json\/wp\/v2\/types\/post"}],"author":[{"embeddable":true,"href":"https:\/\/lahora.mx\/index.php\/wp-json\/wp\/v2\/users\/4"}],"replies":[{"embeddable":true,"href":"https:\/\/lahora.mx\/index.php\/wp-json\/wp\/v2\/comments?post=40139"}],"version-history":[{"count":1,"href":"https:\/\/lahora.mx\/index.php\/wp-json\/wp\/v2\/posts\/40139\/revisions"}],"predecessor-version":[{"id":40141,"href":"https:\/\/lahora.mx\/index.php\/wp-json\/wp\/v2\/posts\/40139\/revisions\/40141"}],"wp:featuredmedia":[{"embeddable":true,"href":"https:\/\/lahora.mx\/index.php\/wp-json\/wp\/v2\/media\/40140"}],"wp:attachment":[{"href":"https:\/\/lahora.mx\/index.php\/wp-json\/wp\/v2\/media?parent=40139"}],"wp:term":[{"taxonomy":"category","embeddable":true,"href":"https:\/\/lahora.mx\/index.php\/wp-json\/wp\/v2\/categories?post=40139"},{"taxonomy":"post_tag","embeddable":true,"href":"https:\/\/lahora.mx\/index.php\/wp-json\/wp\/v2\/tags?post=40139"}],"curies":[{"name":"wp","href":"https:\/\/api.w.org\/{rel}","templated":true}]}}