{"id":40136,"date":"2024-01-17T17:59:04","date_gmt":"2024-01-17T17:59:04","guid":{"rendered":"http:\/\/lahora.mx\/?p=40136"},"modified":"2024-01-17T17:59:05","modified_gmt":"2024-01-17T17:59:05","slug":"tiembla-en-ciudad-serdan-sismo-fue-de-4-3","status":"publish","type":"post","link":"https:\/\/lahora.mx\/index.php\/2024\/01\/17\/tiembla-en-ciudad-serdan-sismo-fue-de-4-3\/","title":{"rendered":"Tiembla en Ciudad Serd\u00e1n; sismo fue de 4.3"},"content":{"rendered":"\n<p>La ma\u00f1ana de este mi\u00e9rcoles 17 de enero se registr\u00f3 un sismo en Puebla, se trat\u00f3 de un temblor de magnitud 4.3 con epicentro en el municipio de Ciudad Serd\u00e1n.<\/p>\n\n\n\n<p>El Sismol\u00f3gico Nacional report\u00f3 que el sismo de 4.3 se localiz\u00f3 a 20 kil\u00f3metros al noreste de Ciudad Serd\u00e1n a las 8:10 de la ma\u00f1ana.<\/p>\n\n\n\n<p>Usuarios en redes reportaron que \u201cse sinti\u00f3 un jal\u00f3n muy fuerte y dur\u00f3 alrededor de tres segundos\u201d.<br>Asimismo, refirieron que el movimiento tel\u00farico se sinti\u00f3 en Tlachichuca y Esperanza.<\/p>\n\n\n\n<p>El gobernador del estado, Sergio Salom\u00f3n C\u00e9spedes Peregrina, inform\u00f3 que el movimiento tel\u00farico fue menor, los sistemas de alertamiento s\u00edsmico no se activaron.<\/p>\n\n\n\n<p>Al respecto, la Coordinaci\u00f3n General de Protecci\u00f3n Civil del estado de Puebla inform\u00f3 a trav\u00e9s de su cuenta de X que tras el reporte de sismo magnitud 4.3 localizado 20 kil\u00f3metros al noreste de Ciudad Serd\u00e1n, que el movimiento fue percibido en los municipios de: Tlachichuca, Atzitzintla, Esperanza, Aljojuca, San Juan Atenco, San Salvador El Seco, Quecholac, General Felipe \u00c1ngeles y San Nicol\u00e1s Buenos Aires.<\/p>\n\n\n\n<p>\u201cPor lo que las Unidades Municipales de Protecci\u00f3n Civil y personal de esta Coordinaci\u00f3n realizan recorridos en los municipios para evaluar posibles afectaciones. Hasta este momento no se reportan da\u00f1os en inmuebles, ni personas lesionadas\u201d, postearon.<\/p>\n","protected":false},"excerpt":{"rendered":"<p>La ma\u00f1ana de este mi\u00e9rcoles 17 de enero se registr\u00f3 un sismo en Puebla, se trat\u00f3 de un temblor de magnitud 4.3 con epicentro en el municipio de Ciudad Serd\u00e1n. El Sismol\u00f3gico Nacional report\u00f3 que el sismo de 4.3 se localiz\u00f3 a 20 kil\u00f3metros al noreste de Ciudad Serd\u00e1n a las 8:10 de la ma\u00f1ana. [&hellip;]<\/p>\n","protected":false},"author":4,"featured_media":40137,"comment_status":"open","ping_status":"open","sticky":false,"template":"","format":"standard","meta":{"om_disable_all_campaigns":false,"_monsterinsights_skip_tracking":false,"_monsterinsights_sitenote_active":false,"_monsterinsights_sitenote_note":"","_monsterinsights_sitenote_category":0,"footnotes":""},"categories":[175],"tags":[195,223],"class_list":["post-40136","post","type-post","status-publish","format-standard","has-post-thumbnail","hentry","category-local","tag-principal","tag-puebla"],"amp_enabled":true,"_links":{"self":[{"href":"https:\/\/lahora.mx\/index.php\/wp-json\/wp\/v2\/posts\/40136","targetHints":{"allow":["GET"]}}],"collection":[{"href":"https:\/\/lahora.mx\/index.php\/wp-json\/wp\/v2\/posts"}],"about":[{"href":"https:\/\/lahora.mx\/index.php\/wp-json\/wp\/v2\/types\/post"}],"author":[{"embeddable":true,"href":"https:\/\/lahora.mx\/index.php\/wp-json\/wp\/v2\/users\/4"}],"replies":[{"embeddable":true,"href":"https:\/\/lahora.mx\/index.php\/wp-json\/wp\/v2\/comments?post=40136"}],"version-history":[{"count":1,"href":"https:\/\/lahora.mx\/index.php\/wp-json\/wp\/v2\/posts\/40136\/revisions"}],"predecessor-version":[{"id":40138,"href":"https:\/\/lahora.mx\/index.php\/wp-json\/wp\/v2\/posts\/40136\/revisions\/40138"}],"wp:featuredmedia":[{"embeddable":true,"href":"https:\/\/lahora.mx\/index.php\/wp-json\/wp\/v2\/media\/40137"}],"wp:attachment":[{"href":"https:\/\/lahora.mx\/index.php\/wp-json\/wp\/v2\/media?parent=40136"}],"wp:term":[{"taxonomy":"category","embeddable":true,"href":"https:\/\/lahora.mx\/index.php\/wp-json\/wp\/v2\/categories?post=40136"},{"taxonomy":"post_tag","embeddable":true,"href":"https:\/\/lahora.mx\/index.php\/wp-json\/wp\/v2\/tags?post=40136"}],"curies":[{"name":"wp","href":"https:\/\/api.w.org\/{rel}","templated":true}]}}