{"id":40113,"date":"2024-01-17T00:53:23","date_gmt":"2024-01-17T00:53:23","guid":{"rendered":"http:\/\/lahora.mx\/?p=40113"},"modified":"2024-01-17T00:53:24","modified_gmt":"2024-01-17T00:53:24","slug":"amozoc-tiene-19-pobladores-desaparecidos-el-caso-mas-sonado-es-de-raul-lopez-escobedo","status":"publish","type":"post","link":"https:\/\/lahora.mx\/index.php\/2024\/01\/17\/amozoc-tiene-19-pobladores-desaparecidos-el-caso-mas-sonado-es-de-raul-lopez-escobedo\/","title":{"rendered":"Amozoc tiene 19 pobladores desaparecidos, el caso m\u00e1s sonado es de Ra\u00fal L\u00f3pez Escobedo"},"content":{"rendered":"\n<p>Guillermo, Jos\u00e9, Abel, Ramiro, Vladimir, Dilton, Laura, Galilea, Sergio y otras nueve personas tienen algo en com\u00fan, todos ellos desaparecieron en Amozoc. Hasta el momento, el colectivo Voz de los Desaparecidos, tiene 18 casos de desaparici\u00f3n en dicho municipio, por lo que hicieron un llamado al edil, Mario de la Rosa, a tomar cartas en el asunto y, a su vez, encabezaron una jornada de visibilizaci\u00f3n, as\u00ed como concientizaci\u00f3n.<\/p>\n\n\n\n<p>El caso m\u00e1s reciente de desaparici\u00f3n, fue el de Guillermo Ra\u00fal L\u00f3pez Escobedo, visto por \u00faltima vez el 28 de diciembre del a\u00f1o pasado en la colonia El Arenal. Este joven, acudi\u00f3 a Chachapa para vender una computadora y desde entonces no se sabe nada de \u00e9l. Su familia se ha movilizado de diferentes maneras, pero al d\u00eda de hoy, no hay rastro de su paradero.<\/p>\n\n\n\n<p>Familia de Ra\u00fal L\u00f3pez pide ayuda a AMLO para dar con su paradero<br>El colectivo Voz de los Desaparecidos encabezado por Mar\u00eda Luisa N\u00fa\u00f1ez Barojas, record\u00f3 que no es el \u00fanico caso de desaparici\u00f3n en Amozoc y no es el \u00fanico que ocurre tras la venta pactada de alg\u00fan producto en esta demarcaci\u00f3n. Hay que recordar que, en el 2021, Aar\u00f3n Bravo Su\u00e1rez y Eduardo Manuel Flores de los Santos, desaparecieron luego de ir a entregar una recamara.<\/p>\n\n\n\n<p>Ante este contexto, N\u00fa\u00f1ez Barojas, hizo un exhorto a Mario de la Rosa, ya que su deber como autoridad municipal es brindarles seguridad a los ciudadanos, tanto a los que viven en este municipio, como a los que llegan por cualquier otra \u00edndole. Asimismo, pidi\u00f3 que no eche a saco roto estos 18 casos y que su gobierno coadyuve para dar con su paradero.<\/p>\n\n\n\n<p>\u201cLa desaparici\u00f3n en Amozoc es una preocupaci\u00f3n y es un problema que deber\u00eda de preocuparnos, pero sobre todo ocuparnos (\u2026) hoy estamos en Amozoc, en particular en Chachapa y estamos dando difusi\u00f3n al tema de desaparici\u00f3n de personas en Puebla. Estamos haci\u00e9ndole saber a las personas que pasan, que la desaparici\u00f3n es un delito, no deber\u00eda ocurrir, que todos los desaparecidos tienen el derecho a ser buscados y que solicitamos la cooperaci\u00f3n de todos, quien tenga informaci\u00f3n, la que sea, nos puede ayudar a compartirla de manera an\u00f3nima\u201d, extern\u00f3.<\/p>\n\n\n\n<p>Familiares de Ra\u00fal L\u00f3pez Escobedo piden piedad a quien lo tenga<br>En jornada de sensibilizaci\u00f3n se entregaron boletines de b\u00fasqueda<br>La fundadora del Colectivo explic\u00f3 que esta jornada de visibilizaci\u00f3n y concientizaci\u00f3n, consisti\u00f3 en entregar los boletines de b\u00fasqueda a las personas que transitaban las calles, tambi\u00e9n los colocaron en mercados, tiendas, parques y se los entregaron a los automovilistas. A su vez, les informaron que cualquier dato o pista que tengan es muy valiosa.<\/p>\n\n\n\n<p>Frente a la presidencia auxiliar de Chachapa, colocaron todos los casos que dan acompa\u00f1amiento desde el colectivo y que ocurrieron en Amozoc, como los siguientes: Arturo Aguilar Ortiz, fue visto por \u00faltima vez el 16 de mayo de 1998, ten\u00eda 28 a\u00f1os al momento de desaparecer.<\/p>\n\n\n\n<p>Galilea Cruz Aguayo, vista por \u00faltima vez en el 2019, ten\u00eda 22 a\u00f1os; Claudia Morales Vargas, desapareci\u00f3 el 13 agosto del 2016 a la edad de 39 a\u00f1os; Jos\u00e9 Lamberto Aselmo Torres, fue visto por \u00faltima vez el 19 de noviembre del 2009 a los 70 a\u00f1os; Laura Cris\u00f3stomo Marcelo, desapareci\u00f3 el 21 de octubre del 2020 a los 52 a\u00f1os.<\/p>\n\n\n\n<p>Axel Guadalupe Lovato Mu\u00f1oz, fue visto por \u00faltima vez el 26 de septiembre del 2022 a la edad de 22 a\u00f1o; Sergio Barrios Herrera, fue visto por \u00faltima vez el 18 de octubre del 2015, ten\u00eda 33 a\u00f1os; Dilton Rosney Mazariegos Asencio, desapareci\u00f3 el 15 de marzo del 2021, ten\u00eda 20 a\u00f1os; Juan Carlos Camacho, fue visto por \u00faltima vez el 19 de septiembre del 2022 a los 36.<\/p>\n\n\n\n<p>\u201cQueremos que el presidente municipal tome cartas en el asunto en materia de seguridad p\u00fablica. Es su responsabilidad y es su obligaci\u00f3n. Debe atender para prevenir. Tan s\u00f3lo hay que recordar que ayer (15 de enero) encontraron muertos a tres j\u00f3venes que hab\u00edan sido levantados en Amozoc. Entonces, si para \u00e9l esto no es alarmante y no lo sacude, \u00bfqu\u00e9 estamos esperando?, la inseguridad est\u00e1 desbordada\u201d, concluy\u00f3.<\/p>\n","protected":false},"excerpt":{"rendered":"<p>Guillermo, Jos\u00e9, Abel, Ramiro, Vladimir, Dilton, Laura, Galilea, Sergio y otras nueve personas tienen algo en com\u00fan, todos ellos desaparecieron en Amozoc. Hasta el momento, el colectivo Voz de los Desaparecidos, tiene 18 casos de desaparici\u00f3n en dicho municipio, por lo que hicieron un llamado al edil, Mario de la Rosa, a tomar cartas en [&hellip;]<\/p>\n","protected":false},"author":4,"featured_media":40114,"comment_status":"open","ping_status":"open","sticky":false,"template":"","format":"standard","meta":{"om_disable_all_campaigns":false,"_monsterinsights_skip_tracking":false,"_monsterinsights_sitenote_active":false,"_monsterinsights_sitenote_note":"","_monsterinsights_sitenote_category":0,"footnotes":""},"categories":[175,226],"tags":[223],"class_list":["post-40113","post","type-post","status-publish","format-standard","has-post-thumbnail","hentry","category-local","category-policia","tag-puebla"],"amp_enabled":true,"_links":{"self":[{"href":"https:\/\/lahora.mx\/index.php\/wp-json\/wp\/v2\/posts\/40113","targetHints":{"allow":["GET"]}}],"collection":[{"href":"https:\/\/lahora.mx\/index.php\/wp-json\/wp\/v2\/posts"}],"about":[{"href":"https:\/\/lahora.mx\/index.php\/wp-json\/wp\/v2\/types\/post"}],"author":[{"embeddable":true,"href":"https:\/\/lahora.mx\/index.php\/wp-json\/wp\/v2\/users\/4"}],"replies":[{"embeddable":true,"href":"https:\/\/lahora.mx\/index.php\/wp-json\/wp\/v2\/comments?post=40113"}],"version-history":[{"count":1,"href":"https:\/\/lahora.mx\/index.php\/wp-json\/wp\/v2\/posts\/40113\/revisions"}],"predecessor-version":[{"id":40115,"href":"https:\/\/lahora.mx\/index.php\/wp-json\/wp\/v2\/posts\/40113\/revisions\/40115"}],"wp:featuredmedia":[{"embeddable":true,"href":"https:\/\/lahora.mx\/index.php\/wp-json\/wp\/v2\/media\/40114"}],"wp:attachment":[{"href":"https:\/\/lahora.mx\/index.php\/wp-json\/wp\/v2\/media?parent=40113"}],"wp:term":[{"taxonomy":"category","embeddable":true,"href":"https:\/\/lahora.mx\/index.php\/wp-json\/wp\/v2\/categories?post=40113"},{"taxonomy":"post_tag","embeddable":true,"href":"https:\/\/lahora.mx\/index.php\/wp-json\/wp\/v2\/tags?post=40113"}],"curies":[{"name":"wp","href":"https:\/\/api.w.org\/{rel}","templated":true}]}}