{"id":40107,"date":"2024-01-17T00:01:44","date_gmt":"2024-01-17T00:01:44","guid":{"rendered":"http:\/\/lahora.mx\/?p=40107"},"modified":"2024-01-17T00:01:45","modified_gmt":"2024-01-17T00:01:45","slug":"amozoc-y-puebla-deben-reforzar-la-seguridad-sergio-salomon","status":"publish","type":"post","link":"https:\/\/lahora.mx\/index.php\/2024\/01\/17\/amozoc-y-puebla-deben-reforzar-la-seguridad-sergio-salomon\/","title":{"rendered":"Amozoc y Puebla deben reforzar la seguridad: Sergio Salom\u00f3n"},"content":{"rendered":"\n<p>Los gobiernos municipales de Amozoc de Mota y Puebla capital deber\u00e1n reforzar la seguridad en las zonas lim\u00edtrofes para evitar hechos lamentables como la desaparici\u00f3n de tres j\u00f3venes, quienes fueron hallados sin vida horas despu\u00e9s en predios de estas zonas.<\/p>\n\n\n\n<p>As\u00ed lo consider\u00f3 el gobernador Sergio Salom\u00f3n C\u00e9spedes Peregrina al hacer un llamado a los alcaldes para reforzar la vigilancia en las comunidades que tienen colindancia y poner en marcha acciones de coordinaci\u00f3n al referir que en la entidad poblana se trabaja con los tres niveles de gobierno.<\/p>\n\n\n\n<p>\u201cTenemos que seguir reforzando con los tres niveles de gobierno, pero por supuesto tienen que asumir su responsabilidad los municipios; est\u00e1 la investigaci\u00f3n corriendo, hay que ver exactamente qu\u00e9 es lo que sucedi\u00f3 en este hecho que lamentamos\u201d, se\u00f1al\u00f3 el mandatario.<br>Sin embargo, descart\u00f3 que estas zonas se consideren como focos rojos en la entidad pues dijo que s\u00f3lo deben trabajar en acciones coordinadas para combatir al crimen organizado y generar mayor comunicaci\u00f3n entre ambos ayuntamientos.<\/p>\n\n\n\n<p>\u201cNo es un foco rojo, pero s\u00ed hay que prestarle mucha mucha atenci\u00f3n. Es una zona conurbada con la ciudad de Puebla as\u00ed que los dos alcaldes tienen que hacer el esfuerzo necesario\u201d, acot\u00f3 el gobernador.<\/p>\n\n\n\n<p>Las autoridades ministeriales contin\u00faan las indagatorias para esclarecer los hechos que se presentaron el s\u00e1bado con el \u201clevant\u00f3n\u201d de Gabriela, Guadalupe y Miguel \u00c1ngel de 19, 17 y 14 a\u00f1os de edad, respectivamente, en el municipio de Amozoc; quienes 24 horas despu\u00e9s fueron hallados sin vida con huellas de tortura y heridas de arma de fuego en Tecali De Herrera y Acajete.<\/p>\n","protected":false},"excerpt":{"rendered":"<p>Los gobiernos municipales de Amozoc de Mota y Puebla capital deber\u00e1n reforzar la seguridad en las zonas lim\u00edtrofes para evitar hechos lamentables como la desaparici\u00f3n de tres j\u00f3venes, quienes fueron hallados sin vida horas despu\u00e9s en predios de estas zonas. As\u00ed lo consider\u00f3 el gobernador Sergio Salom\u00f3n C\u00e9spedes Peregrina al hacer un llamado a los [&hellip;]<\/p>\n","protected":false},"author":4,"featured_media":40108,"comment_status":"open","ping_status":"open","sticky":false,"template":"","format":"standard","meta":{"om_disable_all_campaigns":false,"_monsterinsights_skip_tracking":false,"_monsterinsights_sitenote_active":false,"_monsterinsights_sitenote_note":"","_monsterinsights_sitenote_category":0,"footnotes":""},"categories":[175],"tags":[223],"class_list":["post-40107","post","type-post","status-publish","format-standard","has-post-thumbnail","hentry","category-local","tag-puebla"],"amp_enabled":true,"_links":{"self":[{"href":"https:\/\/lahora.mx\/index.php\/wp-json\/wp\/v2\/posts\/40107","targetHints":{"allow":["GET"]}}],"collection":[{"href":"https:\/\/lahora.mx\/index.php\/wp-json\/wp\/v2\/posts"}],"about":[{"href":"https:\/\/lahora.mx\/index.php\/wp-json\/wp\/v2\/types\/post"}],"author":[{"embeddable":true,"href":"https:\/\/lahora.mx\/index.php\/wp-json\/wp\/v2\/users\/4"}],"replies":[{"embeddable":true,"href":"https:\/\/lahora.mx\/index.php\/wp-json\/wp\/v2\/comments?post=40107"}],"version-history":[{"count":1,"href":"https:\/\/lahora.mx\/index.php\/wp-json\/wp\/v2\/posts\/40107\/revisions"}],"predecessor-version":[{"id":40109,"href":"https:\/\/lahora.mx\/index.php\/wp-json\/wp\/v2\/posts\/40107\/revisions\/40109"}],"wp:featuredmedia":[{"embeddable":true,"href":"https:\/\/lahora.mx\/index.php\/wp-json\/wp\/v2\/media\/40108"}],"wp:attachment":[{"href":"https:\/\/lahora.mx\/index.php\/wp-json\/wp\/v2\/media?parent=40107"}],"wp:term":[{"taxonomy":"category","embeddable":true,"href":"https:\/\/lahora.mx\/index.php\/wp-json\/wp\/v2\/categories?post=40107"},{"taxonomy":"post_tag","embeddable":true,"href":"https:\/\/lahora.mx\/index.php\/wp-json\/wp\/v2\/tags?post=40107"}],"curies":[{"name":"wp","href":"https:\/\/api.w.org\/{rel}","templated":true}]}}