{"id":40104,"date":"2024-01-16T23:44:08","date_gmt":"2024-01-16T23:44:08","guid":{"rendered":"http:\/\/lahora.mx\/?p=40104"},"modified":"2024-01-16T23:44:08","modified_gmt":"2024-01-16T23:44:08","slug":"vuelven-el-uso-de-cubrebocas-y-la-sana-distancia-a-la-buap","status":"publish","type":"post","link":"https:\/\/lahora.mx\/index.php\/2024\/01\/16\/vuelven-el-uso-de-cubrebocas-y-la-sana-distancia-a-la-buap\/","title":{"rendered":"Vuelven el uso de cubrebocas y la sana distancia a la BUAP"},"content":{"rendered":"\n<p>A trav\u00e9s de sus redes sociales, la Benem\u00e9rita Universidad Aut\u00f3noma de Puebla (BUAP) anunci\u00f3 que el uso de cubrebocas y la sana distancia, entre otras medidas, regresar\u00e1n como forma de prevenci\u00f3n ante el incremento de enfermedades respiratorias en el estado y entre la comunidad estudiantil.<\/p>\n\n\n\n<p>Fue mediante un comunicado en su cuenta oficial de X que la BUAP recomend\u00f3 mantener la sana distancia, efectuar frecuente lavado de manos y utilizar gel antibacterial, as\u00ed como mantener el uso permanente del cubrebocas en lugares cerrados, adem\u00e1s ser\u00e1 obligatorio en las instalaciones del Hospital Universitario.<\/p>\n\n\n\n<p>Tambi\u00e9n recomend\u00f3 abstenerse de asistir a la universidad en caso de presentarse cualquier s\u00edntoma y en caso de que s\u00ed, acudir de inmediato al servicio m\u00e9dico, as\u00ed como contar con el esquema de vacunaci\u00f3n completo para enfermedades respiratorias agudas.<\/p>\n\n\n\n<p>Fue en marzo de 2020 cuando la m\u00e1xima casa de estudios poblana anunci\u00f3 que cerrar\u00eda sus puertas ante los estragos del Covid-19; en esta ocasi\u00f3n la universidad no dio ninguna indicaci\u00f3n de suspensi\u00f3n de clases, pero s\u00ed regresaron algunas recomendaciones propias de la pandemia.<\/p>\n\n\n\n<p>En abril de 2023 se retomaron las clases presenciales en Puebla, tras m\u00e1s de dos a\u00f1os sin clases, por lo que en esta ocasi\u00f3n se tomaron medidas preventivas.<\/p>\n\n\n\n<p>Puebla, cuarto estado con m\u00e1s enfermedades respiratorias en 2023<br>De acuerdo con la Secretar\u00eda de Salud Federal, Puebla acumul\u00f3 24 mil 917 casos de enfermedades respiratorias hasta diciembre del 2023, el cuarto a nivel nacional.<\/p>\n\n\n\n<p>Los padecimientos se\u00f1alados son Enfermedad Tipo Influenza (ETI) y casos de Infecci\u00f3n Respiratoria Aguda Grave (IRAG), mientras que se presentaron mil 414 casos de Covid-19.<\/p>\n","protected":false},"excerpt":{"rendered":"<p>A trav\u00e9s de sus redes sociales, la Benem\u00e9rita Universidad Aut\u00f3noma de Puebla (BUAP) anunci\u00f3 que el uso de cubrebocas y la sana distancia, entre otras medidas, regresar\u00e1n como forma de prevenci\u00f3n ante el incremento de enfermedades respiratorias en el estado y entre la comunidad estudiantil. Fue mediante un comunicado en su cuenta oficial de X [&hellip;]<\/p>\n","protected":false},"author":4,"featured_media":40105,"comment_status":"open","ping_status":"open","sticky":false,"template":"","format":"standard","meta":{"om_disable_all_campaigns":false,"_monsterinsights_skip_tracking":false,"_monsterinsights_sitenote_active":false,"_monsterinsights_sitenote_note":"","_monsterinsights_sitenote_category":0,"footnotes":""},"categories":[175],"tags":[186,223],"class_list":["post-40104","post","type-post","status-publish","format-standard","has-post-thumbnail","hentry","category-local","tag-buap","tag-puebla"],"amp_enabled":true,"_links":{"self":[{"href":"https:\/\/lahora.mx\/index.php\/wp-json\/wp\/v2\/posts\/40104","targetHints":{"allow":["GET"]}}],"collection":[{"href":"https:\/\/lahora.mx\/index.php\/wp-json\/wp\/v2\/posts"}],"about":[{"href":"https:\/\/lahora.mx\/index.php\/wp-json\/wp\/v2\/types\/post"}],"author":[{"embeddable":true,"href":"https:\/\/lahora.mx\/index.php\/wp-json\/wp\/v2\/users\/4"}],"replies":[{"embeddable":true,"href":"https:\/\/lahora.mx\/index.php\/wp-json\/wp\/v2\/comments?post=40104"}],"version-history":[{"count":1,"href":"https:\/\/lahora.mx\/index.php\/wp-json\/wp\/v2\/posts\/40104\/revisions"}],"predecessor-version":[{"id":40106,"href":"https:\/\/lahora.mx\/index.php\/wp-json\/wp\/v2\/posts\/40104\/revisions\/40106"}],"wp:featuredmedia":[{"embeddable":true,"href":"https:\/\/lahora.mx\/index.php\/wp-json\/wp\/v2\/media\/40105"}],"wp:attachment":[{"href":"https:\/\/lahora.mx\/index.php\/wp-json\/wp\/v2\/media?parent=40104"}],"wp:term":[{"taxonomy":"category","embeddable":true,"href":"https:\/\/lahora.mx\/index.php\/wp-json\/wp\/v2\/categories?post=40104"},{"taxonomy":"post_tag","embeddable":true,"href":"https:\/\/lahora.mx\/index.php\/wp-json\/wp\/v2\/tags?post=40104"}],"curies":[{"name":"wp","href":"https:\/\/api.w.org\/{rel}","templated":true}]}}