{"id":40092,"date":"2024-01-16T21:00:29","date_gmt":"2024-01-16T21:00:29","guid":{"rendered":"http:\/\/lahora.mx\/?p=40092"},"modified":"2024-01-16T21:00:30","modified_gmt":"2024-01-16T21:00:30","slug":"muerto-en-izucar-joven-de-24-anos-tras-descarga-electrica","status":"publish","type":"post","link":"https:\/\/lahora.mx\/index.php\/2024\/01\/16\/muerto-en-izucar-joven-de-24-anos-tras-descarga-electrica\/","title":{"rendered":"Muerto en Iz\u00facar joven de 24 a\u00f1os tras descarga el\u00e9ctrica"},"content":{"rendered":"\n<p>Un joven de 24 a\u00f1os perdi\u00f3 la vida debido a una descarga el\u00e9ctrica mientras intentaba reparar un horno de microondas. El suceso ocurri\u00f3 al interior de un domicilio ubicado en el callej\u00f3n De las Dalias, en el barrio de San Juan Piaxtla, en Iz\u00facar de Matamoros.<\/p>\n\n\n\n<p>La v\u00edctima identificada como Carlos Alberto N, fue encontrada sin vida en el lugar de los hechos. Seg\u00fan informaci\u00f3n de sus familiares, Carlos estaba realizando labores de reparaci\u00f3n en el electrodom\u00e9stico cuando, aparentemente, cruz\u00f3 incorrectamente algunos cables, lo que provoc\u00f3 una descarga el\u00e9ctrica que acab\u00f3 con su vida de manera casi inmediata.<\/p>\n\n\n\n<p>De acuerdo con reportes, el incidente tuvo lugar entre las 12 y las 13:00 horas del lunes 15 de enero. La familia del occiso sospecha que la mala posici\u00f3n de los cables fue la causa principal del accidente y que, al encender el microondas, se produjo la descarga el\u00e9ctrica que termin\u00f3 con la vida del joven.<\/p>\n\n\n\n<p>Cabe mencionar que en el cuerpo de Carlos se encontraron quemaduras en las manos, lo que confirma la hip\u00f3tesis de la descarga el\u00e9ctrica. Los familiares, angustiados, llamaron a una ambulancia para intentar salvar la vida de Carlos, pero los param\u00e9dicos, al llegar al lugar de los hechos, constataron que el joven ya no presentaba signos vitales.<\/p>\n","protected":false},"excerpt":{"rendered":"<p>Un joven de 24 a\u00f1os perdi\u00f3 la vida debido a una descarga el\u00e9ctrica mientras intentaba reparar un horno de microondas. El suceso ocurri\u00f3 al interior de un domicilio ubicado en el callej\u00f3n De las Dalias, en el barrio de San Juan Piaxtla, en Iz\u00facar de Matamoros. La v\u00edctima identificada como Carlos Alberto N, fue encontrada [&hellip;]<\/p>\n","protected":false},"author":4,"featured_media":40093,"comment_status":"open","ping_status":"open","sticky":false,"template":"","format":"standard","meta":{"om_disable_all_campaigns":false,"_monsterinsights_skip_tracking":false,"_monsterinsights_sitenote_active":false,"_monsterinsights_sitenote_note":"","_monsterinsights_sitenote_category":0,"footnotes":""},"categories":[175,226],"tags":[],"class_list":["post-40092","post","type-post","status-publish","format-standard","has-post-thumbnail","hentry","category-local","category-policia"],"amp_enabled":true,"_links":{"self":[{"href":"https:\/\/lahora.mx\/index.php\/wp-json\/wp\/v2\/posts\/40092","targetHints":{"allow":["GET"]}}],"collection":[{"href":"https:\/\/lahora.mx\/index.php\/wp-json\/wp\/v2\/posts"}],"about":[{"href":"https:\/\/lahora.mx\/index.php\/wp-json\/wp\/v2\/types\/post"}],"author":[{"embeddable":true,"href":"https:\/\/lahora.mx\/index.php\/wp-json\/wp\/v2\/users\/4"}],"replies":[{"embeddable":true,"href":"https:\/\/lahora.mx\/index.php\/wp-json\/wp\/v2\/comments?post=40092"}],"version-history":[{"count":1,"href":"https:\/\/lahora.mx\/index.php\/wp-json\/wp\/v2\/posts\/40092\/revisions"}],"predecessor-version":[{"id":40094,"href":"https:\/\/lahora.mx\/index.php\/wp-json\/wp\/v2\/posts\/40092\/revisions\/40094"}],"wp:featuredmedia":[{"embeddable":true,"href":"https:\/\/lahora.mx\/index.php\/wp-json\/wp\/v2\/media\/40093"}],"wp:attachment":[{"href":"https:\/\/lahora.mx\/index.php\/wp-json\/wp\/v2\/media?parent=40092"}],"wp:term":[{"taxonomy":"category","embeddable":true,"href":"https:\/\/lahora.mx\/index.php\/wp-json\/wp\/v2\/categories?post=40092"},{"taxonomy":"post_tag","embeddable":true,"href":"https:\/\/lahora.mx\/index.php\/wp-json\/wp\/v2\/tags?post=40092"}],"curies":[{"name":"wp","href":"https:\/\/api.w.org\/{rel}","templated":true}]}}