{"id":40083,"date":"2024-01-16T18:50:46","date_gmt":"2024-01-16T18:50:46","guid":{"rendered":"http:\/\/lahora.mx\/?p=40083"},"modified":"2024-01-16T18:50:46","modified_gmt":"2024-01-16T18:50:46","slug":"olga-lucia-romero-se-queda-en-morena-pero-no-apoyara-aspiraciones-de-su-hijo","status":"publish","type":"post","link":"https:\/\/lahora.mx\/index.php\/2024\/01\/16\/olga-lucia-romero-se-queda-en-morena-pero-no-apoyara-aspiraciones-de-su-hijo\/","title":{"rendered":"Olga Luc\u00eda Romero se queda en Morena, pero no apoyar\u00e1 aspiraciones de su hijo"},"content":{"rendered":"\n<p>La presidenta del Comit\u00e9 Ejecutivo Estatal (CEE) de Morena, Olga Luc\u00eda Romero Garci-Crespo, descart\u00f3 su participaci\u00f3n en la pr\u00f3xima elecci\u00f3n del 2 de junio, pues dijo que no est\u00e1 interesada en alg\u00fan cargo de elecci\u00f3n popular.<\/p>\n\n\n\n<p>Sin embargo, confirm\u00f3 que su hijo Francisco Cuano Romero s\u00ed est\u00e1 inscrito en el proceso interno del partido para buscar una diputaci\u00f3n local en la regi\u00f3n de Tehuac\u00e1n, aunque asegur\u00f3 que no tendr\u00e1 favoritismos con \u00e9l.<\/p>\n\n\n\n<p>En rueda de prensa desde el Hotel Gilfer, se\u00f1al\u00f3 que ella no tiene injerencia en la designaci\u00f3n de perfiles que realice la Comisi\u00f3n Nacional de Elecciones de Morena, ya que esta depender\u00e1 de los resultados de las encuestas.<\/p>\n\n\n\n<p>A\u00f1adi\u00f3 que la medici\u00f3n no s\u00f3lo involucra a militantes y simpatizantes del movimiento obradorista, sino a la poblaci\u00f3n en general, por lo que en caso de que su hijo alcance una candidatura \u00abser\u00e1 decisi\u00f3n del pueblo\u00bb.<\/p>\n\n\n\n<p>Luc\u00eda Romero Garci-Crespo recalc\u00f3 que desde su posici\u00f3n como l\u00edder del partido garantizar\u00e1 que exista piso parejo para todos los aspirantes; asimismo, pidi\u00f3 a los participantes confiar en la transparencia del proceso.<\/p>\n\n\n\n<p>\u00abYo soy respetuosa de todos los aspirantes, en ning\u00fan momento he hecho ninguna menci\u00f3n o alguna acci\u00f3n hacia ninguno de ellos. En este proceso yo no puedo intervenir, los \u00fanicos que van a decidir son los ciudadanos\u00bb, coment\u00f3 la l\u00edder de Morena.<\/p>\n\n\n\n<p>Hace una semana, morenistas de Tehuac\u00e1n denunciaron que la dirigente estaba intentando imponer a su hijo como candidato a la diputaci\u00f3n local de esta regi\u00f3n, por lo que pidieron sacar las manos de la designaci\u00f3n.<\/p>\n","protected":false},"excerpt":{"rendered":"<p>La presidenta del Comit\u00e9 Ejecutivo Estatal (CEE) de Morena, Olga Luc\u00eda Romero Garci-Crespo, descart\u00f3 su participaci\u00f3n en la pr\u00f3xima elecci\u00f3n del 2 de junio, pues dijo que no est\u00e1 interesada en alg\u00fan cargo de elecci\u00f3n popular. Sin embargo, confirm\u00f3 que su hijo Francisco Cuano Romero s\u00ed est\u00e1 inscrito en el proceso interno del partido para [&hellip;]<\/p>\n","protected":false},"author":4,"featured_media":40084,"comment_status":"open","ping_status":"open","sticky":false,"template":"","format":"standard","meta":{"om_disable_all_campaigns":false,"_monsterinsights_skip_tracking":false,"_monsterinsights_sitenote_active":false,"_monsterinsights_sitenote_note":"","_monsterinsights_sitenote_category":0,"footnotes":""},"categories":[175],"tags":[128,223],"class_list":["post-40083","post","type-post","status-publish","format-standard","has-post-thumbnail","hentry","category-local","tag-politics","tag-puebla"],"amp_enabled":true,"_links":{"self":[{"href":"https:\/\/lahora.mx\/index.php\/wp-json\/wp\/v2\/posts\/40083","targetHints":{"allow":["GET"]}}],"collection":[{"href":"https:\/\/lahora.mx\/index.php\/wp-json\/wp\/v2\/posts"}],"about":[{"href":"https:\/\/lahora.mx\/index.php\/wp-json\/wp\/v2\/types\/post"}],"author":[{"embeddable":true,"href":"https:\/\/lahora.mx\/index.php\/wp-json\/wp\/v2\/users\/4"}],"replies":[{"embeddable":true,"href":"https:\/\/lahora.mx\/index.php\/wp-json\/wp\/v2\/comments?post=40083"}],"version-history":[{"count":1,"href":"https:\/\/lahora.mx\/index.php\/wp-json\/wp\/v2\/posts\/40083\/revisions"}],"predecessor-version":[{"id":40085,"href":"https:\/\/lahora.mx\/index.php\/wp-json\/wp\/v2\/posts\/40083\/revisions\/40085"}],"wp:featuredmedia":[{"embeddable":true,"href":"https:\/\/lahora.mx\/index.php\/wp-json\/wp\/v2\/media\/40084"}],"wp:attachment":[{"href":"https:\/\/lahora.mx\/index.php\/wp-json\/wp\/v2\/media?parent=40083"}],"wp:term":[{"taxonomy":"category","embeddable":true,"href":"https:\/\/lahora.mx\/index.php\/wp-json\/wp\/v2\/categories?post=40083"},{"taxonomy":"post_tag","embeddable":true,"href":"https:\/\/lahora.mx\/index.php\/wp-json\/wp\/v2\/tags?post=40083"}],"curies":[{"name":"wp","href":"https:\/\/api.w.org\/{rel}","templated":true}]}}