{"id":40077,"date":"2024-01-16T16:38:52","date_gmt":"2024-01-16T16:38:52","guid":{"rendered":"http:\/\/lahora.mx\/?p=40077"},"modified":"2024-01-16T16:38:52","modified_gmt":"2024-01-16T16:38:52","slug":"desechan-propuesta-de-poner-mas-parquimetros-en-el-barrio-de-santiago","status":"publish","type":"post","link":"https:\/\/lahora.mx\/index.php\/2024\/01\/16\/desechan-propuesta-de-poner-mas-parquimetros-en-el-barrio-de-santiago\/","title":{"rendered":"Desechan propuesta de poner m\u00e1s parqu\u00edmetros en el Barrio de Santiago"},"content":{"rendered":"\n<p>El presidente municipal Ad\u00e1n Dom\u00ednguez S\u00e1nchez descart\u00f3 la ampliaci\u00f3n del programa de parqu\u00edmetros al Barrio de Santiago, pues s\u00f3lo se tiene contemplada la peatonalizaci\u00f3n en los alrededores de la Universidad Popular Aut\u00f3noma Del Estado de Puebla (UPAEP).<\/p>\n\n\n\n<p>En entrevista despu\u00e9s de la entrega de las obras de mantenimiento al Puente de Bubas y Pasaje 5 de Mayo, el alcalde capitalino corrigi\u00f3 la declaraci\u00f3n realizada por el secretario de Infraestructura y Movilidad, Edgar V\u00e9lez Tirado, qui\u00e9n adelant\u00f3 que se estaba analizando poner en marcha m\u00e1s cajones de parqu\u00edmetros.<\/p>\n\n\n\n<p>\u00abAdem\u00e1s, es importante se\u00f1alar y dejar muy en claro que no hay una decisi\u00f3n de poner parqu\u00edmetros en el barrio de Santiago\u00bb, declar\u00f3 Dom\u00ednguez S\u00e1nchez este martes 16 de enero.<br>El alcalde explic\u00f3 que lo que resta del mes de enero se estar\u00e1 socializando con los vecinos, estudiantes y comerciantes del Barrio de Santiago el proyecto de peatonalizaci\u00f3n que se estar\u00e1 ejecutando en el tramo de la calle 21 Sur, entre la 9 y la 13 Poniente.<\/p>\n\n\n\n<p>Se\u00f1al\u00f3 que el lunes 15 de enero se present\u00f3 una protesta de un grupo reducido de vecinos debido a que han sido mal informados sobre las pruebas piloto que realizar\u00e1 el ayuntamiento de la ciudad.<\/p>\n\n\n\n<p>\u00abNosotros estamos en el proceso de socializaci\u00f3n con todos y cada uno de los miembros de la colonia Santiago y los comercios. La obra estar\u00e1 iniciando en un par de semanas, por ahora estamos con la explicaci\u00f3n de este proyecto que vamos a realizar en Santiago\u00bb, dijo.<\/p>\n\n\n\n<p>Es de mencionar que en la zona que ser\u00e1 peatonal se contempla la colocaci\u00f3n de vegetaci\u00f3n, iluminaci\u00f3n y cruces peatonales, as\u00ed como la mejora de las banquetas, colocaci\u00f3n de se\u00f1al\u00e9ticas para mejorar la movilidad peatonal.<br>Tambi\u00e9n se instalar\u00e1n estaciones de vigilancia con bot\u00f3n de alerta e internet gratuito, as\u00ed como la realizaci\u00f3n de diversos patrullajes en calles aleda\u00f1as para la seguridad de los transe\u00fantes.<\/p>\n\n\n\n<p>Presidente municipal no destapar\u00e1 a funcionarios<br>En otro punto, coment\u00f3 que los funcionarios que forman parte de la administraci\u00f3n municipal tienen la total libertad de participar en el proceso electoral de 2024, sin embargo, no ser\u00e1 \u00e9l quien los destape.<\/p>\n\n\n\n<p>Lo anterior, despu\u00e9s de que se rumora que la directora del Instituto de la Juventud, Karla Mart\u00ednez Lechuga, buscar\u00eda participar en las elecciones, adem\u00e1s de que hay regidores interesados en cargos de elecci\u00f3n popular como Carlos Montiel Solana, el regidor morenista Leobardo Rodr\u00edguez Ju\u00e1rez y los panistas Manuel Herrera Rojas, Fernando Sarur.<\/p>\n\n\n\n<p>Reiter\u00f3 que los regidores tendr\u00e1n que solicitar licencia en caso de que busquen otro cargo de elecci\u00f3n y los secretarios deber\u00e1n renunciar, con la finalidad de que se enfoquen en sus campa\u00f1as.<\/p>\n\n\n\n<p>\u00abHasta ahorita algunas personas se han acercado a un servidor y expresar su inter\u00e9s; sin embargo, yo no soy quien tiene que destaparlos o se\u00f1alar su inter\u00e9s, son ellos mismos los que lo har\u00e1n\u00bb, apunt\u00f3.<\/p>\n","protected":false},"excerpt":{"rendered":"<p>El presidente municipal Ad\u00e1n Dom\u00ednguez S\u00e1nchez descart\u00f3 la ampliaci\u00f3n del programa de parqu\u00edmetros al Barrio de Santiago, pues s\u00f3lo se tiene contemplada la peatonalizaci\u00f3n en los alrededores de la Universidad Popular Aut\u00f3noma Del Estado de Puebla (UPAEP). En entrevista despu\u00e9s de la entrega de las obras de mantenimiento al Puente de Bubas y Pasaje 5 [&hellip;]<\/p>\n","protected":false},"author":4,"featured_media":40078,"comment_status":"open","ping_status":"open","sticky":false,"template":"","format":"standard","meta":{"om_disable_all_campaigns":false,"_monsterinsights_skip_tracking":false,"_monsterinsights_sitenote_active":false,"_monsterinsights_sitenote_note":"","_monsterinsights_sitenote_category":0,"footnotes":""},"categories":[175],"tags":[195,223],"class_list":["post-40077","post","type-post","status-publish","format-standard","has-post-thumbnail","hentry","category-local","tag-principal","tag-puebla"],"amp_enabled":true,"_links":{"self":[{"href":"https:\/\/lahora.mx\/index.php\/wp-json\/wp\/v2\/posts\/40077","targetHints":{"allow":["GET"]}}],"collection":[{"href":"https:\/\/lahora.mx\/index.php\/wp-json\/wp\/v2\/posts"}],"about":[{"href":"https:\/\/lahora.mx\/index.php\/wp-json\/wp\/v2\/types\/post"}],"author":[{"embeddable":true,"href":"https:\/\/lahora.mx\/index.php\/wp-json\/wp\/v2\/users\/4"}],"replies":[{"embeddable":true,"href":"https:\/\/lahora.mx\/index.php\/wp-json\/wp\/v2\/comments?post=40077"}],"version-history":[{"count":1,"href":"https:\/\/lahora.mx\/index.php\/wp-json\/wp\/v2\/posts\/40077\/revisions"}],"predecessor-version":[{"id":40079,"href":"https:\/\/lahora.mx\/index.php\/wp-json\/wp\/v2\/posts\/40077\/revisions\/40079"}],"wp:featuredmedia":[{"embeddable":true,"href":"https:\/\/lahora.mx\/index.php\/wp-json\/wp\/v2\/media\/40078"}],"wp:attachment":[{"href":"https:\/\/lahora.mx\/index.php\/wp-json\/wp\/v2\/media?parent=40077"}],"wp:term":[{"taxonomy":"category","embeddable":true,"href":"https:\/\/lahora.mx\/index.php\/wp-json\/wp\/v2\/categories?post=40077"},{"taxonomy":"post_tag","embeddable":true,"href":"https:\/\/lahora.mx\/index.php\/wp-json\/wp\/v2\/tags?post=40077"}],"curies":[{"name":"wp","href":"https:\/\/api.w.org\/{rel}","templated":true}]}}