{"id":40071,"date":"2024-01-16T03:48:20","date_gmt":"2024-01-16T03:48:20","guid":{"rendered":"http:\/\/lahora.mx\/?p=40071"},"modified":"2024-01-16T03:48:20","modified_gmt":"2024-01-16T03:48:20","slug":"acoge-sedif-a-ninos-y-familias-migrantes-encontradas-en-cuaxomulco","status":"publish","type":"post","link":"https:\/\/lahora.mx\/index.php\/2024\/01\/16\/acoge-sedif-a-ninos-y-familias-migrantes-encontradas-en-cuaxomulco\/","title":{"rendered":"Acoge SEDIF a ni\u00f1os y familias migrantes encontradas en Cuaxomulco"},"content":{"rendered":"\n<p>El Sistema Estatal para el Desarrollo Integral de la Familia (SEDIF) acoge temporalmente a los 73 menores de edad en situaci\u00f3n de migraci\u00f3n hallados en una bodega de Cuaxomulco, mientras descansaban para continuar con su camino hac\u00eda el norte del pa\u00eds en busca del mal llamado \u00absue\u00f1o americano\u00bb.<\/p>\n\n\n\n<p>De acuerdo con informaci\u00f3n oficial, por el momento los ni\u00f1os y adolescentes de diferentes edades reciben residencia y asistencia social por parte del gobierno estatal, y de la misma forma sucede con integrantes de al menos 36 familias, en las que tambi\u00e9n hay menores de edad, pero acompa\u00f1ados de alg\u00fan familiar como padre o t\u00edo ).<\/p>\n\n\n\n<p>Para la protecci\u00f3n de los derechos de la ni\u00f1ez migrante a su paso por Tlaxcala el SEDIF cuenta con dos espacios: el Albergue Temporal para la Ni\u00f1ez Migrante Acompa\u00f1ada y el Albergue Temporal para la Ni\u00f1ez Migrante No Acompa\u00f1ada, ambos localizados en el municipio de Santa Cruz Tlaxcala.<\/p>\n\n\n\n<p>En esos espacios los menores de edad y los integrantes de las familias localizados fueron sometidos a revisiones m\u00e9dicas, sin que se detectara en ellos situaciones graves que requirieran una atenci\u00f3n cl\u00ednica mayor.<\/p>\n\n\n\n<p>De la misma forma acceden a un espacio para descansar, alimentaci\u00f3n, hidrataci\u00f3n, contenci\u00f3n emocional y asistencia legal para elegir, en el caso de las familias, si continuar\u00e1n con su camino con direcci\u00f3n a la frontera de M\u00e9xico y Estados Unidos de Am\u00e9rica; mientras que los menores que viajaban solos est\u00e1n en labores de contactar a familiares.<\/p>\n\n\n\n<p>Desde ayer por la noche y este lunes el personal de ambos albergues han trabajado para dar atenci\u00f3n a los ni\u00f1os y a las familias, y su estancia ah\u00ed depender\u00e1 de su situaci\u00f3n migratoria.<\/p>\n\n\n\n<p>\u00abEn la labor de proteger y restituir los derechos de la ni\u00f1ez en situaci\u00f3n de movilidad humana trabaja el SEDIF en coordinaci\u00f3n con diferentes dependencias gubernamentales, instituciones, organizaciones nacionales, y organismos internacionales para garantizar el inter\u00e9s superior de la ni\u00f1ez\u00bb, dice la informaci\u00f3n oficial.<\/p>\n","protected":false},"excerpt":{"rendered":"<p>El Sistema Estatal para el Desarrollo Integral de la Familia (SEDIF) acoge temporalmente a los 73 menores de edad en situaci\u00f3n de migraci\u00f3n hallados en una bodega de Cuaxomulco, mientras descansaban para continuar con su camino hac\u00eda el norte del pa\u00eds en busca del mal llamado \u00absue\u00f1o americano\u00bb. De acuerdo con informaci\u00f3n oficial, por el [&hellip;]<\/p>\n","protected":false},"author":4,"featured_media":40072,"comment_status":"open","ping_status":"open","sticky":false,"template":"","format":"standard","meta":{"om_disable_all_campaigns":false,"_monsterinsights_skip_tracking":false,"_monsterinsights_sitenote_active":false,"_monsterinsights_sitenote_note":"","_monsterinsights_sitenote_category":0,"footnotes":""},"categories":[175],"tags":[223],"class_list":["post-40071","post","type-post","status-publish","format-standard","has-post-thumbnail","hentry","category-local","tag-puebla"],"amp_enabled":true,"_links":{"self":[{"href":"https:\/\/lahora.mx\/index.php\/wp-json\/wp\/v2\/posts\/40071","targetHints":{"allow":["GET"]}}],"collection":[{"href":"https:\/\/lahora.mx\/index.php\/wp-json\/wp\/v2\/posts"}],"about":[{"href":"https:\/\/lahora.mx\/index.php\/wp-json\/wp\/v2\/types\/post"}],"author":[{"embeddable":true,"href":"https:\/\/lahora.mx\/index.php\/wp-json\/wp\/v2\/users\/4"}],"replies":[{"embeddable":true,"href":"https:\/\/lahora.mx\/index.php\/wp-json\/wp\/v2\/comments?post=40071"}],"version-history":[{"count":1,"href":"https:\/\/lahora.mx\/index.php\/wp-json\/wp\/v2\/posts\/40071\/revisions"}],"predecessor-version":[{"id":40073,"href":"https:\/\/lahora.mx\/index.php\/wp-json\/wp\/v2\/posts\/40071\/revisions\/40073"}],"wp:featuredmedia":[{"embeddable":true,"href":"https:\/\/lahora.mx\/index.php\/wp-json\/wp\/v2\/media\/40072"}],"wp:attachment":[{"href":"https:\/\/lahora.mx\/index.php\/wp-json\/wp\/v2\/media?parent=40071"}],"wp:term":[{"taxonomy":"category","embeddable":true,"href":"https:\/\/lahora.mx\/index.php\/wp-json\/wp\/v2\/categories?post=40071"},{"taxonomy":"post_tag","embeddable":true,"href":"https:\/\/lahora.mx\/index.php\/wp-json\/wp\/v2\/tags?post=40071"}],"curies":[{"name":"wp","href":"https:\/\/api.w.org\/{rel}","templated":true}]}}