{"id":39933,"date":"2024-01-12T19:20:18","date_gmt":"2024-01-12T19:20:18","guid":{"rendered":"http:\/\/lahora.mx\/?p=39933"},"modified":"2024-01-12T19:20:19","modified_gmt":"2024-01-12T19:20:19","slug":"papa-francisco-presenta-nuevo-cuadro-de-bronquitis","status":"publish","type":"post","link":"https:\/\/lahora.mx\/index.php\/2024\/01\/12\/papa-francisco-presenta-nuevo-cuadro-de-bronquitis\/","title":{"rendered":"Papa Francisco presenta nuevo cuadro de bronquitis"},"content":{"rendered":"\n<p>Durante una presentaci\u00f3n, el papa Francisco I no pudo terminar un discurso la ma\u00f1ana de este viernes 12 de enero debido a molestias provocadas por un cuadro de bronquitis que afect\u00f3 su capacidad pulmonar e hizo notable su agotamiento al momento de hablar.<\/p>\n\n\n\n<p>\u201cMe gustar\u00eda leer todo el discurso, pero tengo un problema, un poco de bronquitis\u201d, asegur\u00f3 el pont\u00edfice Bergoglio, que se neg\u00f3 a leer una disertaci\u00f3n preparada para recibir a un grupo de comunicadores franceses; al momento, el Vaticano no ha compartido informaci\u00f3n al respecto de la salud del l\u00edder religioso, poste\u00f3 en su cuenta de X la periodista Valentina Alazraki.<\/p>\n\n\n\n<p>\u201cEl Vaticano no ha proporcionado a\u00fan ninguna informaci\u00f3n sobre el estado de salud del #papaFrancisco despu\u00e9s de que \u00e9l mismo interrumpiera la lectura de un discurso y afirmara que ten\u00eda una ligera bronquitis que le provocaba problemas para hablar\u201d.<\/p>\n\n\n\n<p>Te puede interesar:<\/p>\n\n\n\n<p>Javier Milei invita al papa Francisco I a visitar Argentina<\/p>\n\n\n\n<p>flecha derecha<\/p>\n\n\n\n<p>Desde hace varios d\u00edas en fotos a Francisco I se le observa en silla de ruedas, lo que indica falta de energ\u00eda del l\u00edder religioso de 87 a\u00f1os de edad, que ya ha declarado que, si su salud merma y le impide continuar con sus funciones, abdicar\u00e1 del cargo.<\/p>\n\n\n\n<p>Francisco I, con secuelas por enfermedades pasadas<br>La salud del jefe del estado vaticano merm\u00f3 durante 2023, espec\u00edficamente los \u00faltimos dos meses, cuando una inflamaci\u00f3n pulmonar le impidi\u00f3 llevar a cabo distintos actos ceremoniales y asistir a la cumbre clim\u00e1tica COP28 organizada en Dub\u00e1i a principios de diciembre.<\/p>\n\n\n\n<p>Por la bronquitis que le afect\u00f3 esa vez al papa le realizaron una tomograf\u00eda axial computarizada que confirm\u00f3 su complicado estado de salud, por lo que fue sometido a una terapia antibi\u00f3tica en un hospital de Roma, Italia.<\/p>\n\n\n\n<p>Te puede interesar:<\/p>\n\n\n\n<p>Parejas del mismo sexo contar\u00e1n con la bendici\u00f3n de la iglesia Cat\u00f3lica<\/p>\n\n\n\n<p>flecha derecha<\/p>\n\n\n\n<p>En abril y junio del a\u00f1o pasado Francisco I fue internado: la primera vez por una bronquitis por la que el Santo Padre se traslad\u00f3 de emergencia a un hospital; la segunda por una operaci\u00f3n de una hernia abdominal, derivada de una operaci\u00f3n de 2021 en el colon, por esa cirug\u00eda estuvo nueve d\u00edas hospitalizado.<\/p>\n\n\n\n<p>\u00bfEl papa visitar\u00e1 Argentina?<br>El jueves 11 de enero, Javier Milei, presidente de Argentina, invit\u00f3 al papa a su pa\u00eds, pero ni la oficina papal ni el mismo Bergoglio se pronunciaron al respecto.<\/p>\n\n\n\n<p>Ahora con el problema de salud que presenta Francisco I que le impidi\u00f3 completar un discurso la ma\u00f1ana de este viernes 12 de enero, se desconoce si dar\u00e1 respuesta o no a la solicitud del pol\u00edtico ultraliberal y presidente argentino.<\/p>\n","protected":false},"excerpt":{"rendered":"<p>Durante una presentaci\u00f3n, el papa Francisco I no pudo terminar un discurso la ma\u00f1ana de este viernes 12 de enero debido a molestias provocadas por un cuadro de bronquitis que afect\u00f3 su capacidad pulmonar e hizo notable su agotamiento al momento de hablar. \u201cMe gustar\u00eda leer todo el discurso, pero tengo un problema, un poco [&hellip;]<\/p>\n","protected":false},"author":4,"featured_media":39934,"comment_status":"open","ping_status":"open","sticky":false,"template":"","format":"standard","meta":{"om_disable_all_campaigns":false,"_monsterinsights_skip_tracking":false,"_monsterinsights_sitenote_active":false,"_monsterinsights_sitenote_note":"","_monsterinsights_sitenote_category":0,"footnotes":""},"categories":[183],"tags":[195,223],"class_list":["post-39933","post","type-post","status-publish","format-standard","has-post-thumbnail","hentry","category-internacional","tag-principal","tag-puebla"],"amp_enabled":true,"_links":{"self":[{"href":"https:\/\/lahora.mx\/index.php\/wp-json\/wp\/v2\/posts\/39933","targetHints":{"allow":["GET"]}}],"collection":[{"href":"https:\/\/lahora.mx\/index.php\/wp-json\/wp\/v2\/posts"}],"about":[{"href":"https:\/\/lahora.mx\/index.php\/wp-json\/wp\/v2\/types\/post"}],"author":[{"embeddable":true,"href":"https:\/\/lahora.mx\/index.php\/wp-json\/wp\/v2\/users\/4"}],"replies":[{"embeddable":true,"href":"https:\/\/lahora.mx\/index.php\/wp-json\/wp\/v2\/comments?post=39933"}],"version-history":[{"count":1,"href":"https:\/\/lahora.mx\/index.php\/wp-json\/wp\/v2\/posts\/39933\/revisions"}],"predecessor-version":[{"id":39935,"href":"https:\/\/lahora.mx\/index.php\/wp-json\/wp\/v2\/posts\/39933\/revisions\/39935"}],"wp:featuredmedia":[{"embeddable":true,"href":"https:\/\/lahora.mx\/index.php\/wp-json\/wp\/v2\/media\/39934"}],"wp:attachment":[{"href":"https:\/\/lahora.mx\/index.php\/wp-json\/wp\/v2\/media?parent=39933"}],"wp:term":[{"taxonomy":"category","embeddable":true,"href":"https:\/\/lahora.mx\/index.php\/wp-json\/wp\/v2\/categories?post=39933"},{"taxonomy":"post_tag","embeddable":true,"href":"https:\/\/lahora.mx\/index.php\/wp-json\/wp\/v2\/tags?post=39933"}],"curies":[{"name":"wp","href":"https:\/\/api.w.org\/{rel}","templated":true}]}}