{"id":39879,"date":"2024-01-11T19:52:45","date_gmt":"2024-01-11T19:52:45","guid":{"rendered":"http:\/\/lahora.mx\/?p=39879"},"modified":"2024-01-11T21:01:01","modified_gmt":"2024-01-11T21:01:01","slug":"amlo-reconoce-que-descentralizacion-de-dependencias-sera-su-gran-pendiente","status":"publish","type":"post","link":"https:\/\/lahora.mx\/index.php\/2024\/01\/11\/amlo-reconoce-que-descentralizacion-de-dependencias-sera-su-gran-pendiente\/","title":{"rendered":"AMLO reconoce que descentralizaci\u00f3n de dependencias ser\u00e1 su gran pendiente"},"content":{"rendered":"\n<p>El presidente Andr\u00e9s Manuel L\u00f3pez Obrador consider\u00f3 que la descentralizaci\u00f3n de las secretar\u00edas de estado es uno de los pendientes de su administraci\u00f3n que quedar\u00e1n y afirm\u00f3 que no se logr\u00f3 debido a la pandemia.<\/p>\n\n\n\n<p>Desde Palacio Nacional, durante la ma\u00f1anera de este jueves 11 de enero, fue cuestionado sobre los 100 compromisos que hizo al inicio de su gesti\u00f3n.<\/p>\n\n\n\n<p>Dijo que 98 ya los ha cumplido, \u201cpero, adem\u00e1s, otro tanto de compromisos que no se establecieron los hemos cumplido\u201d, respondi\u00f3.<\/p>\n\n\n\n<p>\u201cPienso que es muy importante el tema, se dejar\u00e1n las bases para hacerlo\u201d, espet\u00f3.<\/p>\n\n\n\n<p>\u201cLa Secretar\u00eda de Educaci\u00f3n P\u00fablica queremos que est\u00e9 en Puebla, y a lo mejor ya no nos va a alcanzar el tiempo, pero s\u00ed yo pienso que es muy importante la descentralizaci\u00f3n\u201d.<\/p>\n\n\n\n<p>Aclar\u00f3 que hay que crear las condiciones, porque muchos trabajadores necesitan tener facilidades para sus viviendas y las escuelas de sus hijos \u201ces un proceso que se tiene que ir logrando, pero s\u00ed es muy importante descentralizar\u201d, se\u00f1al\u00f3.<\/p>\n\n\n\n<p>Asimismo, afirm\u00f3 que en lo que resta del sexenio mudar\u00e1 la Agencia Nacional de Aduanas a Nuevo Laredo, Tamaulipas y que la Secretar\u00eda de Energ\u00eda operar\u00e1 desde Tabasco.<\/p>\n\n\n\n<p>En cuanto a lo que ha logrado, sin que haya sido un compromiso, L\u00f3pez Obrador destac\u00f3 que no ha incrementado el precio de la luz \u201cy lo estamos cumpliendo\u201d, pero s\u00ed la capacidad de generaci\u00f3n de electricidad y a\u00f1adi\u00f3 que se ha rescatado y conservado la grandeza de las zonas arqueol\u00f3gicas de la zona maya. (Con informaci\u00f3n de L\u00f3pez-D\u00f3riga digital)<\/p>\n","protected":false},"excerpt":{"rendered":"<p>El presidente Andr\u00e9s Manuel L\u00f3pez Obrador consider\u00f3 que la descentralizaci\u00f3n de las secretar\u00edas de estado es uno de los pendientes de su administraci\u00f3n que quedar\u00e1n y afirm\u00f3 que no se logr\u00f3 debido a la pandemia. Desde Palacio Nacional, durante la ma\u00f1anera de este jueves 11 de enero, fue cuestionado sobre los 100 compromisos que hizo [&hellip;]<\/p>\n","protected":false},"author":4,"featured_media":39881,"comment_status":"open","ping_status":"open","sticky":false,"template":"","format":"standard","meta":{"om_disable_all_campaigns":false,"_monsterinsights_skip_tracking":false,"_monsterinsights_sitenote_active":false,"_monsterinsights_sitenote_note":"","_monsterinsights_sitenote_category":0,"footnotes":""},"categories":[175],"tags":[223],"class_list":["post-39879","post","type-post","status-publish","format-standard","has-post-thumbnail","hentry","category-local","tag-puebla"],"amp_enabled":true,"_links":{"self":[{"href":"https:\/\/lahora.mx\/index.php\/wp-json\/wp\/v2\/posts\/39879","targetHints":{"allow":["GET"]}}],"collection":[{"href":"https:\/\/lahora.mx\/index.php\/wp-json\/wp\/v2\/posts"}],"about":[{"href":"https:\/\/lahora.mx\/index.php\/wp-json\/wp\/v2\/types\/post"}],"author":[{"embeddable":true,"href":"https:\/\/lahora.mx\/index.php\/wp-json\/wp\/v2\/users\/4"}],"replies":[{"embeddable":true,"href":"https:\/\/lahora.mx\/index.php\/wp-json\/wp\/v2\/comments?post=39879"}],"version-history":[{"count":1,"href":"https:\/\/lahora.mx\/index.php\/wp-json\/wp\/v2\/posts\/39879\/revisions"}],"predecessor-version":[{"id":39880,"href":"https:\/\/lahora.mx\/index.php\/wp-json\/wp\/v2\/posts\/39879\/revisions\/39880"}],"wp:featuredmedia":[{"embeddable":true,"href":"https:\/\/lahora.mx\/index.php\/wp-json\/wp\/v2\/media\/39881"}],"wp:attachment":[{"href":"https:\/\/lahora.mx\/index.php\/wp-json\/wp\/v2\/media?parent=39879"}],"wp:term":[{"taxonomy":"category","embeddable":true,"href":"https:\/\/lahora.mx\/index.php\/wp-json\/wp\/v2\/categories?post=39879"},{"taxonomy":"post_tag","embeddable":true,"href":"https:\/\/lahora.mx\/index.php\/wp-json\/wp\/v2\/tags?post=39879"}],"curies":[{"name":"wp","href":"https:\/\/api.w.org\/{rel}","templated":true}]}}