{"id":39876,"date":"2024-01-11T19:08:36","date_gmt":"2024-01-11T19:08:36","guid":{"rendered":"http:\/\/lahora.mx\/?p=39876"},"modified":"2024-01-11T19:08:37","modified_gmt":"2024-01-11T19:08:37","slug":"desbandada-en-el-congreso-56-de-diputados-participara-en-la-eleccion","status":"publish","type":"post","link":"https:\/\/lahora.mx\/index.php\/2024\/01\/11\/desbandada-en-el-congreso-56-de-diputados-participara-en-la-eleccion\/","title":{"rendered":"Desbandada en el Congreso; 56 % de diputados participar\u00e1 en la elecci\u00f3n"},"content":{"rendered":"\n<p>El presidente del Congreso de Puebla, Eduardo Castillo L\u00f3pez, inform\u00f3 que de los 41 diputados con los que cuenta el Legislativo, al menos 23 de ellos participar\u00e1n en el proceso electoral en puerta.<\/p>\n\n\n\n<p>Sin embargo, aquellos que busquen un cargo distinto a su reelecci\u00f3n tendr\u00e1n que solicitar licencia; sin embargo, este proceso ser\u00e1 paulatino, para evitar una par\u00e1lisis legislativa.<\/p>\n\n\n\n<p>En entrevista, Castillo L\u00f3pez se\u00f1al\u00f3 que este n\u00famero podr\u00eda aumentar en los pr\u00f3ximos d\u00edas, pues los coordinadores de las bancadas tendr\u00e1n que informar sobre los cambios que har\u00e1n, basados en el calendario establecido por el Instituto Electoral del Estado (IEE).<\/p>\n\n\n\n<p>Dijo que para evitar que las aspiraciones pol\u00edticas de los legisladores obstaculicen la operaci\u00f3n del Congreso local, propondr\u00e1 que sea en dos sesiones plenarias cuando se tome protesta a los suplentes y se agilicen los tiempos.<\/p>\n\n\n\n<p>\u00abTengo calculado que arriba de 23, y eso porque algunos me lo han dicho y otros los hemos investigado (\u2026) Me estoy organizando para que sea en dos sesiones cuando arriben los suplentes\u00bb, indic\u00f3 Castillo L\u00f3pez.<\/p>\n\n\n\n<p>La posible desbandada en el Congreso ocurrir\u00e1 en marzo, pues los diputados que no busquen su reelecci\u00f3n, tienen que solicitar licencia para participar en un proceso electoral 90 d\u00edas antes del d\u00eda de la elecci\u00f3n, que ser\u00e1 el domingo 2 de junio.<\/p>\n\n\n\n<p>Comparecencias iniciar\u00edan la pr\u00f3xima semana<br>En otro tema, el diputado Eduardo Castillo L\u00f3pez dijo que este viernes 12 de enero presentar\u00e1 ante los integrantes Junta de Gobierno y Coordinaci\u00f3n Pol\u00edtica (Jugocopo) una propuesta de calendario para las comparecencias de los secretarios estatales.<\/p>\n\n\n\n<p>Se\u00f1al\u00f3 que, de forma tentativa, las exposiciones de la glosa del informe del Ejecutivo comenzar\u00e1n el pr\u00f3ximo mi\u00e9rcoles 17 de enero, aunque depender\u00e1 de las decisiones que se tomen el viernes.<\/p>\n\n\n\n<p>Asimismo, a\u00f1adi\u00f3 que intentar\u00e1 que se cambie el formato que se ha utilizado hasta ahora para las comparecencias y que todas se desahoguen ante el Pleno, para revertir las cr\u00edticas que han generado en torno a la falta de cuestionamientos hacia los secretarios estatales.<\/p>\n","protected":false},"excerpt":{"rendered":"<p>El presidente del Congreso de Puebla, Eduardo Castillo L\u00f3pez, inform\u00f3 que de los 41 diputados con los que cuenta el Legislativo, al menos 23 de ellos participar\u00e1n en el proceso electoral en puerta. Sin embargo, aquellos que busquen un cargo distinto a su reelecci\u00f3n tendr\u00e1n que solicitar licencia; sin embargo, este proceso ser\u00e1 paulatino, para [&hellip;]<\/p>\n","protected":false},"author":4,"featured_media":39877,"comment_status":"open","ping_status":"open","sticky":false,"template":"","format":"standard","meta":{"om_disable_all_campaigns":false,"_monsterinsights_skip_tracking":false,"_monsterinsights_sitenote_active":false,"_monsterinsights_sitenote_note":"","_monsterinsights_sitenote_category":0,"footnotes":""},"categories":[175],"tags":[227,223],"class_list":["post-39876","post","type-post","status-publish","format-standard","has-post-thumbnail","hentry","category-local","tag-congreso","tag-puebla"],"amp_enabled":true,"_links":{"self":[{"href":"https:\/\/lahora.mx\/index.php\/wp-json\/wp\/v2\/posts\/39876","targetHints":{"allow":["GET"]}}],"collection":[{"href":"https:\/\/lahora.mx\/index.php\/wp-json\/wp\/v2\/posts"}],"about":[{"href":"https:\/\/lahora.mx\/index.php\/wp-json\/wp\/v2\/types\/post"}],"author":[{"embeddable":true,"href":"https:\/\/lahora.mx\/index.php\/wp-json\/wp\/v2\/users\/4"}],"replies":[{"embeddable":true,"href":"https:\/\/lahora.mx\/index.php\/wp-json\/wp\/v2\/comments?post=39876"}],"version-history":[{"count":1,"href":"https:\/\/lahora.mx\/index.php\/wp-json\/wp\/v2\/posts\/39876\/revisions"}],"predecessor-version":[{"id":39878,"href":"https:\/\/lahora.mx\/index.php\/wp-json\/wp\/v2\/posts\/39876\/revisions\/39878"}],"wp:featuredmedia":[{"embeddable":true,"href":"https:\/\/lahora.mx\/index.php\/wp-json\/wp\/v2\/media\/39877"}],"wp:attachment":[{"href":"https:\/\/lahora.mx\/index.php\/wp-json\/wp\/v2\/media?parent=39876"}],"wp:term":[{"taxonomy":"category","embeddable":true,"href":"https:\/\/lahora.mx\/index.php\/wp-json\/wp\/v2\/categories?post=39876"},{"taxonomy":"post_tag","embeddable":true,"href":"https:\/\/lahora.mx\/index.php\/wp-json\/wp\/v2\/tags?post=39876"}],"curies":[{"name":"wp","href":"https:\/\/api.w.org\/{rel}","templated":true}]}}