{"id":39859,"date":"2024-01-11T16:21:56","date_gmt":"2024-01-11T16:21:56","guid":{"rendered":"http:\/\/lahora.mx\/?p=39859"},"modified":"2024-01-11T16:21:57","modified_gmt":"2024-01-11T16:21:57","slug":"amlo-ofrece-apoyo-para-revisar-el-caso-de-la-jirafa-benito","status":"publish","type":"post","link":"https:\/\/lahora.mx\/index.php\/2024\/01\/11\/amlo-ofrece-apoyo-para-revisar-el-caso-de-la-jirafa-benito\/","title":{"rendered":"AMLO ofrece apoyo para revisar el caso de la jirafa &#8216;Benito"},"content":{"rendered":"\n<p>El presidente del pa\u00eds, Andr\u00e9s Manuel L\u00f3pez Obrador, ofreci\u00f3 su apoyo para revisar el caso de la jirafa Benito, la cual ten\u00eda previsto ser trasladada de Chihuahua a Puebla, puntualmente al parque Africam Safari. Sin embargo, la Procuradur\u00eda Federal de Protecci\u00f3n al Ambiente (Profepa) se\u00f1al\u00f3 que este procedimiento no era procedente.<\/p>\n\n\n\n<p>Fue en su conferencia ma\u00f1anera, en donde el presidente fue cuestionado por este hecho, ya que Africam Safari y hasta el mismo gobernador de Puebla, Sergio Salom\u00f3n C\u00e9spedes Peregrina, mostraron disposici\u00f3n para que ese viaje se concretara.<\/p>\n\n\n\n<p>Te recomendamos: Gobierno de Puebla, dispuesto a generar las condiciones para que &#8216;Benito&#8217; llegue a Africam<\/p>\n\n\n\n<p>No obstante, Profepa pidi\u00f3 que el parque que en donde se encuentra actualmente, primero solvente las medidas necesarias para preservar su salud. Por ello, el mandatario federal fue cuestionado por este asunto y \u00e9l, en respuesta, solicit\u00f3 a la Secretar\u00eda de Medio Ambiente Federal ponerse en contacto con el Gobierno de Chihuahua y resolverlo.<\/p>\n\n\n\n<p>Traslado de la jirafa &#8216;Benito&#8217; de Chihuahua a zool\u00f3gico de Puebla, lo que sabemos del caso<\/p>\n\n\n\n<p>\u201cEs algo que le corresponde al gobierno del estado, pero nosotros ayudamos, le voy a pedir a Mar\u00eda Luisa Albores que vea este asunto, que se comunique con la gobernadora y si se necesita apoyo pueden contar con nosotros\u201d, declar\u00f3.<\/p>\n\n\n\n<p>Benito es una jirafa de tres a\u00f1os de edad que lleg\u00f3 a Ciudad Ju\u00e1rez en mayo del 2023. Sin embargo, las altas temperaturas han hecho que diversos activistas levanten la voz, incluso, arrancaron la campa\u00f1a \u201cSalvemos a Benito\u201d, en donde han evidenciado el fr\u00edo extremo al que est\u00e1 siendo sometida.<\/p>\n\n\n\n<p>El director de Africam Safari, Frank Camacho, dijo que las puertas estaban abiertas para recibirla, incluso que trabajar\u00edan en conjunto con autoridades federales, as\u00ed como estatales para concretar el traslado. De igual modo, C\u00e9spedes Peregina, dijo que su administraci\u00f3n estar\u00e1 atenta para ver si pueden abonar sin infringir la ley.<\/p>\n","protected":false},"excerpt":{"rendered":"<p>El presidente del pa\u00eds, Andr\u00e9s Manuel L\u00f3pez Obrador, ofreci\u00f3 su apoyo para revisar el caso de la jirafa Benito, la cual ten\u00eda previsto ser trasladada de Chihuahua a Puebla, puntualmente al parque Africam Safari. Sin embargo, la Procuradur\u00eda Federal de Protecci\u00f3n al Ambiente (Profepa) se\u00f1al\u00f3 que este procedimiento no era procedente. Fue en su conferencia [&hellip;]<\/p>\n","protected":false},"author":4,"featured_media":39860,"comment_status":"open","ping_status":"open","sticky":false,"template":"","format":"standard","meta":{"om_disable_all_campaigns":false,"_monsterinsights_skip_tracking":false,"_monsterinsights_sitenote_active":false,"_monsterinsights_sitenote_note":"","_monsterinsights_sitenote_category":0,"footnotes":""},"categories":[176],"tags":[],"class_list":["post-39859","post","type-post","status-publish","format-standard","has-post-thumbnail","hentry","category-nacional"],"amp_enabled":true,"_links":{"self":[{"href":"https:\/\/lahora.mx\/index.php\/wp-json\/wp\/v2\/posts\/39859","targetHints":{"allow":["GET"]}}],"collection":[{"href":"https:\/\/lahora.mx\/index.php\/wp-json\/wp\/v2\/posts"}],"about":[{"href":"https:\/\/lahora.mx\/index.php\/wp-json\/wp\/v2\/types\/post"}],"author":[{"embeddable":true,"href":"https:\/\/lahora.mx\/index.php\/wp-json\/wp\/v2\/users\/4"}],"replies":[{"embeddable":true,"href":"https:\/\/lahora.mx\/index.php\/wp-json\/wp\/v2\/comments?post=39859"}],"version-history":[{"count":1,"href":"https:\/\/lahora.mx\/index.php\/wp-json\/wp\/v2\/posts\/39859\/revisions"}],"predecessor-version":[{"id":39861,"href":"https:\/\/lahora.mx\/index.php\/wp-json\/wp\/v2\/posts\/39859\/revisions\/39861"}],"wp:featuredmedia":[{"embeddable":true,"href":"https:\/\/lahora.mx\/index.php\/wp-json\/wp\/v2\/media\/39860"}],"wp:attachment":[{"href":"https:\/\/lahora.mx\/index.php\/wp-json\/wp\/v2\/media?parent=39859"}],"wp:term":[{"taxonomy":"category","embeddable":true,"href":"https:\/\/lahora.mx\/index.php\/wp-json\/wp\/v2\/categories?post=39859"},{"taxonomy":"post_tag","embeddable":true,"href":"https:\/\/lahora.mx\/index.php\/wp-json\/wp\/v2\/tags?post=39859"}],"curies":[{"name":"wp","href":"https:\/\/api.w.org\/{rel}","templated":true}]}}