{"id":39841,"date":"2024-01-11T00:38:02","date_gmt":"2024-01-11T00:38:02","guid":{"rendered":"http:\/\/lahora.mx\/?p=39841"},"modified":"2024-01-11T00:38:03","modified_gmt":"2024-01-11T00:38:03","slug":"jorge-alvarez-maynez-se-registra-como-precandidato-presidencial-de-movimiento-ciudadano","status":"publish","type":"post","link":"https:\/\/lahora.mx\/index.php\/2024\/01\/11\/jorge-alvarez-maynez-se-registra-como-precandidato-presidencial-de-movimiento-ciudadano\/","title":{"rendered":"Jorge \u00c1lvarez M\u00e1ynez se registra como precandidato presidencial de Movimiento Ciudadano"},"content":{"rendered":"\n<p>Jorge \u00c1lvarez M\u00e1ynez se ha registrado este mi\u00e9rcoles como precandidato \u00fanico del partido Movimiento Ciudadano (MC).<\/p>\n\n\n\n<p>El ahora precandidato dijo que es claro que desde los estados, la poblaci\u00f3n busca una nueva opci\u00f3n y un cambio de partido. \u201cLa gente ya nos ha demostrado que si les damos opci\u00f3n, tampoco quieren votar por Morena\u201d, dijo.<\/p>\n\n\n\n<p>\u201cSe puede ganar porque somos imparables, porque somos incansables y porque lo que ellas (las candidatas) no han podido hacer en siete meses de derroche, de despilfarro y de violaci\u00f3n de la ley, nosotros lo vamos a hacer en tres meses de campa\u00f1a legal. Le vamos a ganar a la vieja pol\u00edtica porque M\u00e9xico merece un mejor futuro, merece ser un pa\u00eds distinto, porque lo nuevo apenas comienza\u201d, apunt\u00f3 \u00c1lvarez M\u00e1ynez en su discurso.<\/p>\n\n\n\n<p>As\u00ed, \u00c1lvarez M\u00e1ynez participar\u00e1 como aspirante presidencial rumbo a las elecciones de este a\u00f1o, donde competir\u00e1 contra Claudia Sheinbaum (Morena, PT y PVEM) y X\u00f3chitl G\u00e1lvez del Frente Amplio por M\u00e9xico (PRI, PAN y PRD).<\/p>\n\n\n\n<p>Enrique Alfaro critica \u2018destape\u2019 de \u00c1lvarez M\u00e1ynez: \u2018Con botana y cerveza, Samuel Garc\u00eda se asume l\u00edder\u2019<br>Enrique Alfaro, gobernador de Jalisco, critic\u00f3 el anuncio de la precandidatura presidencial de Movimiento Ciudadano que hizo Samuel Garc\u00eda.<br>En el evento, lo acompa\u00f1an el dirigente nacional Dante Delgado y el gobernador Samuel Garc\u00eda, quienes han respaldado la precandidatura de su compa\u00f1ero.<\/p>\n\n\n\n<p>El martes, Samuel Garc\u00eda ya hab\u00eda presentado a \u00c1lvarez M\u00e1ynez como precandidato en un breve video en el que aparec\u00edan junto con Mariana Rodr\u00edguez, comiendo y bebiendo cervezas.<\/p>\n\n\n\n<p>\u201cLos ilusos de la vieja pol\u00edtica creyeron que nos hab\u00edamos quedado sin candidato. Que qued\u00e1ndonos sin Samuel, millones de j\u00f3venes se quedar\u00edan sin esa propuesta fresca\u2026 Pues se equivocan, porque Samuel era el precandidato pero somos millones en este equipo\u201d, dijo el gobernador de Nuevo Le\u00f3n en ese video.<\/p>\n\n\n\n<p>Al respecto de este \u2018destape\u2019, el gobernador de Jalisco Enrique Alfaro public\u00f3 su posicionamiento, en el que critic\u00f3 el anuncio hecho sobre la precandidatura de \u00c1lvarez M\u00e1ynez e incluso se lanz\u00f3 contra Samuel Garc\u00eda.<\/p>\n\n\n\n<p>\u201cEn una mesa con botana y cerveza, el gobernador (Samuel Garc\u00eda) se asum\u00eda como l\u00edder de nuestro movimiento y nos dictaba instrucciones sobre el camino a seguir\u201d, apunt\u00f3.<\/p>\n\n\n\n<p>Record\u00f3 que hace varios meses \u00e9l explic\u00f3 por qu\u00e9 hab\u00eda declinado ser precandidato de Movimiento Ciudadano, pues estaba en desacuerdo con decisiones de la dirigencia.<\/p>\n","protected":false},"excerpt":{"rendered":"<p>Jorge \u00c1lvarez M\u00e1ynez se ha registrado este mi\u00e9rcoles como precandidato \u00fanico del partido Movimiento Ciudadano (MC). El ahora precandidato dijo que es claro que desde los estados, la poblaci\u00f3n busca una nueva opci\u00f3n y un cambio de partido. \u201cLa gente ya nos ha demostrado que si les damos opci\u00f3n, tampoco quieren votar por Morena\u201d, dijo. [&hellip;]<\/p>\n","protected":false},"author":4,"featured_media":39842,"comment_status":"open","ping_status":"open","sticky":false,"template":"","format":"standard","meta":{"om_disable_all_campaigns":false,"_monsterinsights_skip_tracking":false,"_monsterinsights_sitenote_active":false,"_monsterinsights_sitenote_note":"","_monsterinsights_sitenote_category":0,"footnotes":""},"categories":[176],"tags":[128,223],"class_list":["post-39841","post","type-post","status-publish","format-standard","has-post-thumbnail","hentry","category-nacional","tag-politics","tag-puebla"],"amp_enabled":true,"_links":{"self":[{"href":"https:\/\/lahora.mx\/index.php\/wp-json\/wp\/v2\/posts\/39841","targetHints":{"allow":["GET"]}}],"collection":[{"href":"https:\/\/lahora.mx\/index.php\/wp-json\/wp\/v2\/posts"}],"about":[{"href":"https:\/\/lahora.mx\/index.php\/wp-json\/wp\/v2\/types\/post"}],"author":[{"embeddable":true,"href":"https:\/\/lahora.mx\/index.php\/wp-json\/wp\/v2\/users\/4"}],"replies":[{"embeddable":true,"href":"https:\/\/lahora.mx\/index.php\/wp-json\/wp\/v2\/comments?post=39841"}],"version-history":[{"count":1,"href":"https:\/\/lahora.mx\/index.php\/wp-json\/wp\/v2\/posts\/39841\/revisions"}],"predecessor-version":[{"id":39843,"href":"https:\/\/lahora.mx\/index.php\/wp-json\/wp\/v2\/posts\/39841\/revisions\/39843"}],"wp:featuredmedia":[{"embeddable":true,"href":"https:\/\/lahora.mx\/index.php\/wp-json\/wp\/v2\/media\/39842"}],"wp:attachment":[{"href":"https:\/\/lahora.mx\/index.php\/wp-json\/wp\/v2\/media?parent=39841"}],"wp:term":[{"taxonomy":"category","embeddable":true,"href":"https:\/\/lahora.mx\/index.php\/wp-json\/wp\/v2\/categories?post=39841"},{"taxonomy":"post_tag","embeddable":true,"href":"https:\/\/lahora.mx\/index.php\/wp-json\/wp\/v2\/tags?post=39841"}],"curies":[{"name":"wp","href":"https:\/\/api.w.org\/{rel}","templated":true}]}}