{"id":39827,"date":"2024-01-10T17:58:20","date_gmt":"2024-01-10T17:58:20","guid":{"rendered":"http:\/\/lahora.mx\/?p=39827"},"modified":"2024-01-10T17:58:20","modified_gmt":"2024-01-10T17:58:20","slug":"informalidad-laboral-no-afecta-la-compra-de-vivienda-en-puebla-canadevi","status":"publish","type":"post","link":"https:\/\/lahora.mx\/index.php\/2024\/01\/10\/informalidad-laboral-no-afecta-la-compra-de-vivienda-en-puebla-canadevi\/","title":{"rendered":"Informalidad laboral no afecta la compra de vivienda en Puebla: Canadevi"},"content":{"rendered":"\n<p>El no poder acceder a un cr\u00e9dito de vivienda en Puebla por la alta informalidad laboral no ha afectado los n\u00fameros de la C\u00e1mara Nacional de la Industria de Desarrollo y Promoci\u00f3n de Vivienda en Puebla (Canadevi), pues la capacidad de compra de los poblanos ha aumentado.<\/p>\n\n\n\n<p>As\u00ed lo dio a conocer el presidente de la c\u00e1mara Ariosto Goytotura L\u00f3pez en entrevista para e-consulta, quien se\u00f1al\u00f3 que a pesar de no poder atender al mercado que no cuenta con acceso a cr\u00e9ditos, se prev\u00e9 que el 2024 sea un buen a\u00f1o para la industria.<\/p>\n\n\n\n<p>El presidente declar\u00f3 que la informalidad es \u201cun \u00e1rea de oportunidad\u201d, pero con el aumento de la base trabajadora ante el IMSS y el salario m\u00ednimo han abonado al sector:<\/p>\n\n\n\n<p>\u201cLa informalidad es un \u00e1rea de oportunidad porque se est\u00e1 dejando de atender a un gran mercado que al estar en la informalidad no tiene un cr\u00e9dito, digamos, o nada institucional para comprar una vivienda; sin embargo, tambi\u00e9n el repunte que ha habido en la base laboral.\u201d<\/p>\n\n\n\n<p>De acuerdo con el Instituto Nacional de Estad\u00edstica y Geograf\u00eda (Inegi), en Puebla existen m\u00e1s de 3.1 millones de trabajadores, sin embargo, s\u00f3lo 651 mil 620 personas laboran en la formalidad, es decir, esta parte de la poblaci\u00f3n es la \u00fanica que cuenta con acceso a prestaciones, entre ellas, lo cr\u00e9ditos inmobiliarios.<\/p>\n\n\n\n<p>Aun as\u00ed, el presidente de la Canadevi se\u00f1al\u00f3 que la industria report\u00f3 un repunte de hasta el 20 por ciento el \u00faltimo trimestre del a\u00f1o pasado contra el inmediato anterior en la compra de vivienda en Puebla.<\/p>\n\n\n\n<p>Adem\u00e1s, indic\u00f3 que la mayor\u00eda de los segmentos de la vivienda se encuentran estables y activos, pues desde la vivienda b\u00e1sica de 550 mil a 700 mil pesos o el siguiente nivel de 1 mill\u00f3n 500 mil a 1 mill\u00f3n 600 mil son estables, mientras que la vivienda m\u00e1s cara mostr\u00f3 repuntes.<\/p>\n\n\n\n<p>A pesar de que hasta el 41 por ciento de los poblanos perciben el salario m\u00ednimo, es decir 7 mil 467 pesos al mes, la vivienda de m\u00e1s de 3.5 millones de pesos en adelante es la que m\u00e1s repunte ha mostrado en la venta, as\u00ed lo se\u00f1al\u00f3 Goytortura L\u00f3pez.<\/p>\n","protected":false},"excerpt":{"rendered":"<p>El no poder acceder a un cr\u00e9dito de vivienda en Puebla por la alta informalidad laboral no ha afectado los n\u00fameros de la C\u00e1mara Nacional de la Industria de Desarrollo y Promoci\u00f3n de Vivienda en Puebla (Canadevi), pues la capacidad de compra de los poblanos ha aumentado. As\u00ed lo dio a conocer el presidente de [&hellip;]<\/p>\n","protected":false},"author":4,"featured_media":39828,"comment_status":"open","ping_status":"open","sticky":false,"template":"","format":"standard","meta":{"om_disable_all_campaigns":false,"_monsterinsights_skip_tracking":false,"_monsterinsights_sitenote_active":false,"_monsterinsights_sitenote_note":"","_monsterinsights_sitenote_category":0,"footnotes":""},"categories":[176],"tags":[],"class_list":["post-39827","post","type-post","status-publish","format-standard","has-post-thumbnail","hentry","category-nacional"],"amp_enabled":true,"_links":{"self":[{"href":"https:\/\/lahora.mx\/index.php\/wp-json\/wp\/v2\/posts\/39827","targetHints":{"allow":["GET"]}}],"collection":[{"href":"https:\/\/lahora.mx\/index.php\/wp-json\/wp\/v2\/posts"}],"about":[{"href":"https:\/\/lahora.mx\/index.php\/wp-json\/wp\/v2\/types\/post"}],"author":[{"embeddable":true,"href":"https:\/\/lahora.mx\/index.php\/wp-json\/wp\/v2\/users\/4"}],"replies":[{"embeddable":true,"href":"https:\/\/lahora.mx\/index.php\/wp-json\/wp\/v2\/comments?post=39827"}],"version-history":[{"count":1,"href":"https:\/\/lahora.mx\/index.php\/wp-json\/wp\/v2\/posts\/39827\/revisions"}],"predecessor-version":[{"id":39829,"href":"https:\/\/lahora.mx\/index.php\/wp-json\/wp\/v2\/posts\/39827\/revisions\/39829"}],"wp:featuredmedia":[{"embeddable":true,"href":"https:\/\/lahora.mx\/index.php\/wp-json\/wp\/v2\/media\/39828"}],"wp:attachment":[{"href":"https:\/\/lahora.mx\/index.php\/wp-json\/wp\/v2\/media?parent=39827"}],"wp:term":[{"taxonomy":"category","embeddable":true,"href":"https:\/\/lahora.mx\/index.php\/wp-json\/wp\/v2\/categories?post=39827"},{"taxonomy":"post_tag","embeddable":true,"href":"https:\/\/lahora.mx\/index.php\/wp-json\/wp\/v2\/tags?post=39827"}],"curies":[{"name":"wp","href":"https:\/\/api.w.org\/{rel}","templated":true}]}}