{"id":39815,"date":"2024-01-10T17:01:00","date_gmt":"2024-01-10T17:01:00","guid":{"rendered":"http:\/\/lahora.mx\/?p=39815"},"modified":"2024-01-10T17:01:00","modified_gmt":"2024-01-10T17:01:00","slug":"claudia-rivera-pide-nuevamente-su-alcaldia","status":"publish","type":"post","link":"https:\/\/lahora.mx\/index.php\/2024\/01\/10\/claudia-rivera-pide-nuevamente-su-alcaldia\/","title":{"rendered":"Claudia Rivera pide nuevamente su alcald\u00eda"},"content":{"rendered":"\n<p>Claudia Rivera Vivanco, aspirante a la presidencia municipal de Puebla por Morena, sostuvo una reuni\u00f3n con el presidente nacional del partido, Mario Delgado Carrillo, a fin de defender y promover su perfil en la designaci\u00f3n de la candidatura a la alcald\u00eda.<\/p>\n\n\n\n<p>En redes sociales, Rivera Vivanco destac\u00f3 que en la capital hay mujeres con experiencia y competitivas que pueden encabezar la defensa de la Cuarta Transformaci\u00f3n, haciendo alusi\u00f3n al trabajo que realiz\u00f3 como alcaldesa en el periodo 2018-2021.<\/p>\n\n\n\n<p>Asimismo, destac\u00f3 que Morena sigue siendo la fuerza pol\u00edtica mejor posicionada en la entidad, y asegur\u00f3 que, en el caso del municipio de Puebla, tienen una preferencia de 3 a 1 contra de los partidos de oposici\u00f3n, como Acci\u00f3n Nacional (PAN).<\/p>\n\n\n\n<p>Tambi\u00e9n reafirm\u00f3 su compromiso de trabajar en unidad y abonar al fortalecimiento de las postulaciones de Claudia Sheinbaum Pardo y Alejandro Armenta Mier, quienes, dijo, se convertir\u00e1n en la pr\u00f3xima presidenta y el pr\u00f3ximo gobernador de Puebla.<\/p>\n\n\n\n<p>\u00abClaro que habemos (sic) mujeres capaces y con experiencia, y en Puebla la esperanza florecer\u00e1 y consolidaremos el segundo piso de la transformaci\u00f3n (\u2026). C\u00f3mo siempre lo repito \u201ctrabajo mata grilla\u201d as\u00ed que vamos con todo\u00bb, escribi\u00f3 en su cuenta de X, antes Twitter.<\/p>\n\n\n\n<p>El Comit\u00e9 Ejecutivo Nacional (CEN) de Morena, a trav\u00e9s de la Comisi\u00f3n Nacional de Elecciones, tiene hasta el 9 de marzo para publicar la lista de cuadros que competir\u00e1n por las presidencias municipales y las diputaciones locales en Puebla.<\/p>\n\n\n\n<p>Entre los aspirantes a la alcald\u00eda se encuentran el empresario expriista Jos\u00e9 Chedraui Budib, el exdelegado de Bienestar, Rodrigo Abdala Dartigues y la exalcaldesa Claudia Rivera Vivanco.<\/p>\n\n\n\n<p>Tambi\u00e9n los regidores Elisa Molina Rivera y Leobardo Rodr\u00edguez Ju\u00e1rez, el diputado federal Alejandro Carvajal Hidalgo; y los legisladores locales Iv\u00e1n Herrera Villag\u00f3mez y Nora Merino Escamilla.<\/p>\n\n\n\n<p>Hace unos d\u00edas, Carvajal Hidalgo y Rivera Vivanco llamaron a sus compa\u00f1eros y contendientes de partido a tener \u00abmesura\u00bb respecto a la definici\u00f3n de candidaturas, luego de que algunos aspirantes declinaran a favor de Chedraui Budib.<\/p>\n\n\n\n<p>Ambos se han posicionando en varias ocasiones contra su arribo al partido y su posible postulaci\u00f3n como candidato a la presidencia municipal de Puebla, al ser un perfil ajeno a la izquierda.<\/p>\n","protected":false},"excerpt":{"rendered":"<p>Claudia Rivera Vivanco, aspirante a la presidencia municipal de Puebla por Morena, sostuvo una reuni\u00f3n con el presidente nacional del partido, Mario Delgado Carrillo, a fin de defender y promover su perfil en la designaci\u00f3n de la candidatura a la alcald\u00eda. En redes sociales, Rivera Vivanco destac\u00f3 que en la capital hay mujeres con experiencia [&hellip;]<\/p>\n","protected":false},"author":4,"featured_media":39816,"comment_status":"open","ping_status":"open","sticky":false,"template":"","format":"standard","meta":{"om_disable_all_campaigns":false,"_monsterinsights_skip_tracking":false,"_monsterinsights_sitenote_active":false,"_monsterinsights_sitenote_note":"","_monsterinsights_sitenote_category":0,"footnotes":""},"categories":[176,5],"tags":[223],"class_list":["post-39815","post","type-post","status-publish","format-standard","has-post-thumbnail","hentry","category-nacional","category-politica","tag-puebla"],"amp_enabled":true,"_links":{"self":[{"href":"https:\/\/lahora.mx\/index.php\/wp-json\/wp\/v2\/posts\/39815","targetHints":{"allow":["GET"]}}],"collection":[{"href":"https:\/\/lahora.mx\/index.php\/wp-json\/wp\/v2\/posts"}],"about":[{"href":"https:\/\/lahora.mx\/index.php\/wp-json\/wp\/v2\/types\/post"}],"author":[{"embeddable":true,"href":"https:\/\/lahora.mx\/index.php\/wp-json\/wp\/v2\/users\/4"}],"replies":[{"embeddable":true,"href":"https:\/\/lahora.mx\/index.php\/wp-json\/wp\/v2\/comments?post=39815"}],"version-history":[{"count":1,"href":"https:\/\/lahora.mx\/index.php\/wp-json\/wp\/v2\/posts\/39815\/revisions"}],"predecessor-version":[{"id":39817,"href":"https:\/\/lahora.mx\/index.php\/wp-json\/wp\/v2\/posts\/39815\/revisions\/39817"}],"wp:featuredmedia":[{"embeddable":true,"href":"https:\/\/lahora.mx\/index.php\/wp-json\/wp\/v2\/media\/39816"}],"wp:attachment":[{"href":"https:\/\/lahora.mx\/index.php\/wp-json\/wp\/v2\/media?parent=39815"}],"wp:term":[{"taxonomy":"category","embeddable":true,"href":"https:\/\/lahora.mx\/index.php\/wp-json\/wp\/v2\/categories?post=39815"},{"taxonomy":"post_tag","embeddable":true,"href":"https:\/\/lahora.mx\/index.php\/wp-json\/wp\/v2\/tags?post=39815"}],"curies":[{"name":"wp","href":"https:\/\/api.w.org\/{rel}","templated":true}]}}