{"id":39797,"date":"2024-01-10T00:12:35","date_gmt":"2024-01-10T00:12:35","guid":{"rendered":"http:\/\/lahora.mx\/?p=39797"},"modified":"2024-01-10T00:12:36","modified_gmt":"2024-01-10T00:12:36","slug":"eduardo-rivera-gana-la-precampana","status":"publish","type":"post","link":"https:\/\/lahora.mx\/index.php\/2024\/01\/10\/eduardo-rivera-gana-la-precampana\/","title":{"rendered":"Eduardo Rivera gana la precampa\u00f1a"},"content":{"rendered":"\n<p>El triunfador de la precampa\u00f1a fue Eduardo Rivera P\u00e9rez, precandidato de Mejor Rumbo para Puebla, advirtieron los dirigentes del PAN-PRI-PRD-PSI.<\/p>\n\n\n\n<p>La etapa de precampa\u00f1a finaliz\u00f3 el mi\u00e9rcoles tres previo en la Romero Vargas en compa\u00f1\u00eda de su precandidata a presidenta Xochitl G\u00e1lvez Ruiz.<\/p>\n\n\n\n<p>Fue el presidente de los priistas, N\u00e9stor Camarillo, quien dijo que no hicieron eventos de cantidad sino de calidad.<\/p>\n\n\n\n<p>\u00abNo nos autoenga\u00f1amos, como lo hacen los de enfrente, no acarreamos a gente, ni la obligamos para que asistan a un mitin obligada por los programas sociales\u201d.<\/p>\n\n\n\n<p>La precampa\u00f1a, dijo, fue cercana a las personas para conocer de viva voz los problemas que enfrentan ante el olvido de la autoridad.<\/p>\n\n\n\n<p>Eduardo Rivera re\u00fane a 14 mil<br>Bajo este panorama triunfalista, la dirigente estatal panista, Augusta Valentina D\u00edaz de Rivera Hern\u00e1ndez, dijo que en las reuniones sostenidas alcanz\u00f3 las 14 mil personas.<\/p>\n\n\n\n<p>Durante esos encuentros, la poblaci\u00f3n indic\u00f3 a su precandidato que est\u00e1n cansados de los gobiernos de Morena, y votar\u00e1n por un Mejor Rumbo para Puebla.<\/p>\n\n\n\n<p>Preciso que la ciudadana y los ciudadanos no ven obras de beneficio de las comunidades de la entidad, tanto del gobierno estatal, federal y municipal de Morena.<\/p>\n\n\n\n<p>Adem\u00e1s la inseguridad es una constante denunciada por todos los ciudadanos y ciudadanas de Puebla.<\/p>\n\n\n\n<p>\u00abEscuchamos que est\u00e1n en el abandono y les preocupa varios temas, los problemas se han acumulado tanto en este sexenio como en los trienios porque no han podido solucionar las grandes promesas de Morena\u201d.<\/p>\n\n\n\n<p>El dirigente de PSI, Carlos Navarro Corro, dijo que no se equivoc\u00f3 se equivoc\u00f3 al apoyar la precandidatura y pr\u00f3xima candidatura a la gubernatura de Eduardo Rivera P\u00e9rez por ser un perfil pol\u00edtico joven sano y que sabe c\u00f3mo solucionar los conflictos que enfrenta la poblaci\u00f3n no solo del \u00e1rea metropolitana, sino de todo el estado.<\/p>\n\n\n\n<p>Fue el presidente del PRD, Carlos Mart\u00ednez Amador, qui\u00e9n no alcanz\u00f3 a llegar a la conferencia de prensa conjunta, realizada por sus pares de la coalici\u00f3n.<\/p>\n","protected":false},"excerpt":{"rendered":"<p>El triunfador de la precampa\u00f1a fue Eduardo Rivera P\u00e9rez, precandidato de Mejor Rumbo para Puebla, advirtieron los dirigentes del PAN-PRI-PRD-PSI. La etapa de precampa\u00f1a finaliz\u00f3 el mi\u00e9rcoles tres previo en la Romero Vargas en compa\u00f1\u00eda de su precandidata a presidenta Xochitl G\u00e1lvez Ruiz. Fue el presidente de los priistas, N\u00e9stor Camarillo, quien dijo que no [&hellip;]<\/p>\n","protected":false},"author":4,"featured_media":39798,"comment_status":"open","ping_status":"open","sticky":false,"template":"","format":"standard","meta":{"om_disable_all_campaigns":false,"_monsterinsights_skip_tracking":false,"_monsterinsights_sitenote_active":false,"_monsterinsights_sitenote_note":"","_monsterinsights_sitenote_category":0,"footnotes":""},"categories":[175,5],"tags":[128,223],"class_list":["post-39797","post","type-post","status-publish","format-standard","has-post-thumbnail","hentry","category-local","category-politica","tag-politics","tag-puebla"],"amp_enabled":true,"_links":{"self":[{"href":"https:\/\/lahora.mx\/index.php\/wp-json\/wp\/v2\/posts\/39797","targetHints":{"allow":["GET"]}}],"collection":[{"href":"https:\/\/lahora.mx\/index.php\/wp-json\/wp\/v2\/posts"}],"about":[{"href":"https:\/\/lahora.mx\/index.php\/wp-json\/wp\/v2\/types\/post"}],"author":[{"embeddable":true,"href":"https:\/\/lahora.mx\/index.php\/wp-json\/wp\/v2\/users\/4"}],"replies":[{"embeddable":true,"href":"https:\/\/lahora.mx\/index.php\/wp-json\/wp\/v2\/comments?post=39797"}],"version-history":[{"count":1,"href":"https:\/\/lahora.mx\/index.php\/wp-json\/wp\/v2\/posts\/39797\/revisions"}],"predecessor-version":[{"id":39799,"href":"https:\/\/lahora.mx\/index.php\/wp-json\/wp\/v2\/posts\/39797\/revisions\/39799"}],"wp:featuredmedia":[{"embeddable":true,"href":"https:\/\/lahora.mx\/index.php\/wp-json\/wp\/v2\/media\/39798"}],"wp:attachment":[{"href":"https:\/\/lahora.mx\/index.php\/wp-json\/wp\/v2\/media?parent=39797"}],"wp:term":[{"taxonomy":"category","embeddable":true,"href":"https:\/\/lahora.mx\/index.php\/wp-json\/wp\/v2\/categories?post=39797"},{"taxonomy":"post_tag","embeddable":true,"href":"https:\/\/lahora.mx\/index.php\/wp-json\/wp\/v2\/tags?post=39797"}],"curies":[{"name":"wp","href":"https:\/\/api.w.org\/{rel}","templated":true}]}}