{"id":39706,"date":"2023-12-16T01:28:53","date_gmt":"2023-12-16T01:28:53","guid":{"rendered":"http:\/\/lahora.mx\/?p=39706"},"modified":"2024-01-09T02:16:19","modified_gmt":"2024-01-09T02:16:19","slug":"instala-congreso-del-estado-la-comision-permanente-para-el-primer-periodo-de-receso","status":"publish","type":"post","link":"https:\/\/lahora.mx\/index.php\/2023\/12\/16\/instala-congreso-del-estado-la-comision-permanente-para-el-primer-periodo-de-receso\/","title":{"rendered":"Instala Congreso del Estado la Comisi\u00f3n Permanente para el Primer Periodo de Receso"},"content":{"rendered":"\n<p>En el Congreso del Estado se instal\u00f3 la Comisi\u00f3n Permanente que actuar\u00e1 durante el Primer Periodo de Receso correspondiente al Tercer A\u00f1o de Ejercicio Legal de la LXI Legislatura, comprendido del 16 de diciembre de 2023 al 14 de enero de 2024.<\/p>\n\n\n\n<p>La Comisi\u00f3n Permanente est\u00e1 integrada por miembros de la Mesa Directiva y dos legisladores m\u00e1s elegidos por el Pleno en la \u00faltima sesi\u00f3n ordinaria, por lo que formar\u00e1n parte las y los diputados: Juan Enrique Rivera Reyes, Guadalupe Leal Rodr\u00edguez, Edgar Garmendia de los Santos, Gerardo Hern\u00e1ndez Rojas, Ruth Z\u00e1rate Dom\u00ednguez, Roberto Bautista Lozano, Jocelyn Olivares L\u00f3pez, Xel Arianna Hern\u00e1ndez Garc\u00eda y Eduardo Castillo L\u00f3pez.<\/p>\n\n\n\n<p>El presidente de la Comisi\u00f3n Permanente, Juan Enrique Rivera Reyes puso a consideraci\u00f3n de las y los diputados que las sesiones se lleven a cabo en el Sal\u00f3n de Pleno, propuesta que avalaron por unanimidad.<\/p>\n\n\n\n<p>Durante la sesi\u00f3n, el diputado Eduardo Castillo L\u00f3pez refrend\u00f3 el compromiso de continuar con el trabajo legislativo, que permita obtener m\u00e1s logros en favor de las y los poblanos en este periodo de receso.<\/p>\n\n\n\n<p>Por su parte, la diputada Guadalupe Leal Rodr\u00edguez se\u00f1al\u00f3 que la Legislatura no descansa y est\u00e1 pendiente de lo que pueda acontecer; expuso que las y los legisladores estar\u00e1n a la altura de lo que merece la ciudadan\u00eda.<\/p>\n\n\n\n<p>El diputado Edgar Garmendia de los Santos coment\u00f3 que el Congreso del Estado trabaja en equipo por las y los poblanos, pues el Legislativo estar\u00e1 atento del acontecer en este periodo, incluyendo las fiestas decembrinas.<\/p>\n\n\n\n<p>En tanto, el diputado Gerardo Hern\u00e1ndez Rojas agradeci\u00f3 a las y los integrantes de la LXI Legislatura por el recibimiento que ha tenido desde que rindi\u00f3 protesta; confi\u00f3 en que el pr\u00f3ximo a\u00f1o se mantenga la unidad en beneficio de las y los poblanos.<\/p>\n\n\n\n<p>La diputada Xel Arianna Hern\u00e1ndez Garc\u00eda expuso que en el Congreso del Estado concluye un a\u00f1o de logros que se han visto reflejados en la vida de las y los poblanos, por lo que el objetivo es seguir construyendo acuerdos comunes.<\/p>\n\n\n\n<p>Por su parte, la diputada Ruth Z\u00e1rate Dom\u00ednguez reconoci\u00f3 el trabajo de las y los diputados que integran la Comisi\u00f3n Permanente, asegur\u00f3 que el Congreso estar\u00e1 pendiente de lo que ocurra en los municipios y trabajar\u00e1 en conjunto con las instancias gubernamentales.<br>La diputada Jocelyn Olivares L\u00f3pez indic\u00f3 que las y los diputados trabajar\u00e1n para crear nuevas normativas, modificar las existentes y hacer mejoras, as\u00ed como atender los asuntos que sean de urgencia; dijo que esta labor es para que las y los poblanos tengan una mejor calidad de vida.<\/p>\n\n\n\n<p>El diputado Roberto Bautista Lozano se\u00f1al\u00f3 que ha sido una etapa de crecimiento, asimismo, se\u00f1al\u00f3 que estar\u00e1 pendiente de lo que pueda suceder en este periodo y atender las demandas de la poblaci\u00f3n.<\/p>\n\n\n\n<p>Finalmente, el diputado Juan Enrique Rivera Reyes reconoci\u00f3 el trabajo de quienes lo acompa\u00f1aron como presidente de la Mesa Directiva en el Periodo Ordinario de Sesiones, desde diputadas y diputados hasta la Secretar\u00eda General y Direcciones que forman parte del Congreso del Estado, agreg\u00f3 que continuar\u00e1 el trabajo legislativo en favor de las y los poblanos.<\/p>\n","protected":false},"excerpt":{"rendered":"<p>En el Congreso del Estado se instal\u00f3 la Comisi\u00f3n Permanente que actuar\u00e1 durante el Primer Periodo de Receso correspondiente al Tercer A\u00f1o de Ejercicio Legal de la LXI Legislatura, comprendido del 16 de diciembre de 2023 al 14 de enero de 2024. La Comisi\u00f3n Permanente est\u00e1 integrada por miembros de la Mesa Directiva y dos [&hellip;]<\/p>\n","protected":false},"author":4,"featured_media":39708,"comment_status":"open","ping_status":"open","sticky":false,"template":"","format":"standard","meta":{"om_disable_all_campaigns":false,"_monsterinsights_skip_tracking":false,"_monsterinsights_sitenote_active":false,"_monsterinsights_sitenote_note":"","_monsterinsights_sitenote_category":0,"footnotes":""},"categories":[175],"tags":[223],"class_list":["post-39706","post","type-post","status-publish","format-standard","has-post-thumbnail","hentry","category-local","tag-puebla"],"amp_enabled":true,"_links":{"self":[{"href":"https:\/\/lahora.mx\/index.php\/wp-json\/wp\/v2\/posts\/39706","targetHints":{"allow":["GET"]}}],"collection":[{"href":"https:\/\/lahora.mx\/index.php\/wp-json\/wp\/v2\/posts"}],"about":[{"href":"https:\/\/lahora.mx\/index.php\/wp-json\/wp\/v2\/types\/post"}],"author":[{"embeddable":true,"href":"https:\/\/lahora.mx\/index.php\/wp-json\/wp\/v2\/users\/4"}],"replies":[{"embeddable":true,"href":"https:\/\/lahora.mx\/index.php\/wp-json\/wp\/v2\/comments?post=39706"}],"version-history":[{"count":1,"href":"https:\/\/lahora.mx\/index.php\/wp-json\/wp\/v2\/posts\/39706\/revisions"}],"predecessor-version":[{"id":39709,"href":"https:\/\/lahora.mx\/index.php\/wp-json\/wp\/v2\/posts\/39706\/revisions\/39709"}],"wp:featuredmedia":[{"embeddable":true,"href":"https:\/\/lahora.mx\/index.php\/wp-json\/wp\/v2\/media\/39708"}],"wp:attachment":[{"href":"https:\/\/lahora.mx\/index.php\/wp-json\/wp\/v2\/media?parent=39706"}],"wp:term":[{"taxonomy":"category","embeddable":true,"href":"https:\/\/lahora.mx\/index.php\/wp-json\/wp\/v2\/categories?post=39706"},{"taxonomy":"post_tag","embeddable":true,"href":"https:\/\/lahora.mx\/index.php\/wp-json\/wp\/v2\/tags?post=39706"}],"curies":[{"name":"wp","href":"https:\/\/api.w.org\/{rel}","templated":true}]}}