{"id":39648,"date":"2023-12-07T23:50:35","date_gmt":"2023-12-07T23:50:35","guid":{"rendered":"http:\/\/lahora.mx\/?p=39648"},"modified":"2024-01-09T00:09:48","modified_gmt":"2024-01-09T00:09:48","slug":"promueven-exhorto-en-el-congreso-para-que-hospitales-y-centros-de-salud-cuenten-con-traductores-de-lenguas-indigenas","status":"publish","type":"post","link":"https:\/\/lahora.mx\/index.php\/2023\/12\/07\/promueven-exhorto-en-el-congreso-para-que-hospitales-y-centros-de-salud-cuenten-con-traductores-de-lenguas-indigenas\/","title":{"rendered":"Promueven exhorto en el Congreso para que hospitales y centros de salud cuenten con traductores de lenguas ind\u00edgenas"},"content":{"rendered":"\n<p>Con el prop\u00f3sito de garantizar el acceso integral de la poblaci\u00f3n a los servicios de salud, el diputado Jaime Natale Uranga present\u00f3 un punto de acuerdo para exhortar a la Secretar\u00eda de Salud del Estado a contar con traductores de lenguas ind\u00edgenas en los hospitales y centros de salud a su cargo, en las regiones donde la poblaci\u00f3n sea preponderantemente ind\u00edgena.<\/p>\n\n\n\n<p>En sesi\u00f3n ordinaria de la LXI Legislatura del Congreso del Estado, el diputado expuso la necesidad de contar con traductores y\/o capacitar a trabajadores de cl\u00ednicas y hospitales donde la mayor\u00eda de la gente es originaria de pueblos y comunidades ind\u00edgenas, para que obtengan un servicio eficaz y eficiente.<\/p>\n\n\n\n<p>La Mesa Directiva turn\u00f3 el punto de acuerdo a la Comisi\u00f3n de Salud para su estudio y resoluci\u00f3n procedente.<\/p>\n\n\n\n<p>Por otra parte, la diputada Eliana Ang\u00e9lica Cervantes Gonz\u00e1lez present\u00f3 un punto de acuerdo para exhortar al Sistema Estatal DIF, dentro de sus atribuciones y en la medida de su disponibilidad presupuestaria, a ampliar las reglas de Operaci\u00f3n del Subprograma de \u201cApoyo para Medicamentos a Ni\u00f1as, Ni\u00f1os y Adolescentes con C\u00e1ncer\u201d para que se otorgue el apoyo de medicamentos a todas las personas que padecen c\u00e1ncer sin limitar su edad.<\/p>\n\n\n\n<p>El punto de acuerdo fue enviado a la Comisi\u00f3n de la Familia y los Derechos de la Ni\u00f1ez para su estudio y resoluci\u00f3n procedente.<\/p>\n\n\n\n<p>En tanto, la diputada Nora Merino Escamilla present\u00f3 un punto de acuerdo para que el Congreso otorgue un reconocimiento al Centro Mexicano Liban\u00e9s en Puebla por la conmemoraci\u00f3n de los 50 a\u00f1os de formar parte importante de la cultura, tradiciones y comida poblana.<\/p>\n\n\n\n<p>El punto de acuerdo fue turnado a la Comisi\u00f3n de Cultura para su estudio y resoluci\u00f3n correspondiente.<\/p>\n\n\n\n<p>En otro momento de la sesi\u00f3n, se dio cuenta de la iniciativa del diputado Oswaldo Jim\u00e9nez L\u00f3pez para reformar las fracciones XXI y XXII y adicionar la XXIII al art\u00edculo 14 de la Ley de Cambio Clim\u00e1tico del Estado de Puebla, con el objetivo de armonizarla con la Ley General en la materia.<\/p>\n\n\n\n<p>Adem\u00e1s, contemplar como uno de los principios que se observar\u00e1n en la formulaci\u00f3n y conducci\u00f3n de la pol\u00edtica estatal de cambio clim\u00e1tico, el de responsabilidad ambiental, para quien realice obras o actividades que afecten o puedan afectar al medio ambiente, estando obligado a prevenir, minimizar, mitigar, reparar, restaurar y, en \u00faltima instancia, a la compensaci\u00f3n de los da\u00f1os que cause.<\/p>\n\n\n\n<p>La iniciativa fue turnada a la Comisi\u00f3n de Medio Ambiente, Recursos Naturales y Cambio Clim\u00e1tico para su estudio y resoluci\u00f3n procedente.<\/p>\n\n\n\n<p>De igual forma, se dio cuenta de la iniciativa de la diputada Nancy Jim\u00e9nez Morales para reformar la fracci\u00f3n V del art\u00edculo 84 de la Ley de Derechos, Cultura y Desarrollo de los Pueblos y Comunidades Ind\u00edgenas del Estado de Puebla.<\/p>\n\n\n\n<p>Esto, con la finalidad de establecer, como uno de los objetivos del Instituto Poblano de los Pueblos Ind\u00edgenas, entre otros, fomentar el desarrollo sostenible para el uso racional de los recursos naturales de las regiones y territorios ind\u00edgenas, con pleno respeto a sus derechos, sin arriesgar o da\u00f1ar la biodiversidad y el patrimonio ambiental, hist\u00f3rico o cultural de las generaciones futuras.<\/p>\n\n\n\n<p>La iniciativa fue turnada a la Comisi\u00f3n de Pueblos, Comunidades Ind\u00edgenas y Afromexicanas para su estudio y resoluci\u00f3n procedente.<\/p>\n","protected":false},"excerpt":{"rendered":"<p>Con el prop\u00f3sito de garantizar el acceso integral de la poblaci\u00f3n a los servicios de salud, el diputado Jaime Natale Uranga present\u00f3 un punto de acuerdo para exhortar a la Secretar\u00eda de Salud del Estado a contar con traductores de lenguas ind\u00edgenas en los hospitales y centros de salud a su cargo, en las regiones [&hellip;]<\/p>\n","protected":false},"author":4,"featured_media":39655,"comment_status":"open","ping_status":"open","sticky":false,"template":"","format":"standard","meta":{"om_disable_all_campaigns":false,"_monsterinsights_skip_tracking":false,"_monsterinsights_sitenote_active":false,"_monsterinsights_sitenote_note":"","_monsterinsights_sitenote_category":0,"footnotes":""},"categories":[175],"tags":[227,223],"class_list":["post-39648","post","type-post","status-publish","format-standard","has-post-thumbnail","hentry","category-local","tag-congreso","tag-puebla"],"amp_enabled":true,"_links":{"self":[{"href":"https:\/\/lahora.mx\/index.php\/wp-json\/wp\/v2\/posts\/39648","targetHints":{"allow":["GET"]}}],"collection":[{"href":"https:\/\/lahora.mx\/index.php\/wp-json\/wp\/v2\/posts"}],"about":[{"href":"https:\/\/lahora.mx\/index.php\/wp-json\/wp\/v2\/types\/post"}],"author":[{"embeddable":true,"href":"https:\/\/lahora.mx\/index.php\/wp-json\/wp\/v2\/users\/4"}],"replies":[{"embeddable":true,"href":"https:\/\/lahora.mx\/index.php\/wp-json\/wp\/v2\/comments?post=39648"}],"version-history":[{"count":1,"href":"https:\/\/lahora.mx\/index.php\/wp-json\/wp\/v2\/posts\/39648\/revisions"}],"predecessor-version":[{"id":39650,"href":"https:\/\/lahora.mx\/index.php\/wp-json\/wp\/v2\/posts\/39648\/revisions\/39650"}],"wp:featuredmedia":[{"embeddable":true,"href":"https:\/\/lahora.mx\/index.php\/wp-json\/wp\/v2\/media\/39655"}],"wp:attachment":[{"href":"https:\/\/lahora.mx\/index.php\/wp-json\/wp\/v2\/media?parent=39648"}],"wp:term":[{"taxonomy":"category","embeddable":true,"href":"https:\/\/lahora.mx\/index.php\/wp-json\/wp\/v2\/categories?post=39648"},{"taxonomy":"post_tag","embeddable":true,"href":"https:\/\/lahora.mx\/index.php\/wp-json\/wp\/v2\/tags?post=39648"}],"curies":[{"name":"wp","href":"https:\/\/api.w.org\/{rel}","templated":true}]}}