{"id":39594,"date":"2024-01-08T22:35:36","date_gmt":"2024-01-08T22:35:36","guid":{"rendered":"http:\/\/lahora.mx\/?p=39594"},"modified":"2024-01-08T22:35:37","modified_gmt":"2024-01-08T22:35:37","slug":"fortalecer-equipos-es-incorporar-talentos-en-beneficio-de-los-poblanos-armenta","status":"publish","type":"post","link":"https:\/\/lahora.mx\/index.php\/2024\/01\/08\/fortalecer-equipos-es-incorporar-talentos-en-beneficio-de-los-poblanos-armenta\/","title":{"rendered":"Fortalecer equipos es incorporar talentos en beneficio de los poblanos: Armenta"},"content":{"rendered":"\n<p>\u201cFortalecer los equipos es incorporar talentos para las diversas \u00e1reas, que permitan desarrollar de manera eficiente las tareas que benefician a la sociedad\u201d, asegur\u00f3 el senador Alejandro Armenta, al anunciar que Jos\u00e9 Luis S\u00e1nchez Sol\u00e1, \u201cEl Chelis\u201d, se incorpora como asesor t\u00e9cnico en la c\u00e1mara alta \u201ceso se traduce en fortaleza, en poner al servicio de la gente lo mejor de cada uno de nosotros\u201d.<\/p>\n\n\n\n<p>En su tradicional rueda de prensa semanal, el senador Alejandro Armenta entreg\u00f3 al diputado federal Raymundo Atanacio Luna un proyecto sobre econom\u00eda circular para el desarrollo de la entidad a trav\u00e9s del manejo y reutilizaci\u00f3n de desechos org\u00e1nicos \u201cy otro m\u00e1s que tiene que ver con la modificaci\u00f3n al Art\u00edculo 4\u00ba Constitucional aprobada por unanimidad en el senado, sobre el derecho de nuestro planeta a la sobrevivencia de sus ecosistemas de cara a los compromisos que tiene M\u00e9xico con la Agenda 2030 de la ONU, queremos que nos ayude con el seguimiento, que los tome como propios para dar el cauce correspondiente\u201d.<\/p>\n\n\n\n<p>En este sentido, Alejandro Armenta enfatiz\u00f3 que seguir\u00e1 impulsando, como parte de su agenda legislativa, la ley en materia \u201cde aprovechamiento del c\u00e1\u00f1amo, que es el carrizo de la planta cannabis, que no tiene funci\u00f3n psicotr\u00f3pica y puede servir para la producci\u00f3n y uso de papel, sin seguir destrozando nuestros bosques, as\u00ed como el tema de biocombustibles, generaci\u00f3n de energ\u00eda alterna y material de construcci\u00f3n, entre otros\u201d.<\/p>\n\n\n\n<p>Tambi\u00e9n anunci\u00f3 la incorporaci\u00f3n de Koichi Choda Watanabe como asesor deportivo en el Senado de la Rep\u00fablica; Claudia Hern\u00e1ndez, de Comunicaci\u00f3n; Celina Pe\u00f1a y Rebeca Ba\u00f1uelos en la coordinaci\u00f3n de Colectivos \u201ccon lo que seguimos fortaleciendo al equipo\u201d.<\/p>\n\n\n\n<p>Durante su intervenci\u00f3n \u201cEl Chelis\u201d, hizo un s\u00edmil del futbol con cualquier actividad \u201cen la que puedes dise\u00f1ar estrategias, como en la cancha, porque nacen del liderazgo, de ideas y convencimiento por parte de quien o quienes la van a ejecutar\u201d. Adem\u00e1s, afirm\u00f3 que Alejandro Armenta tiene en \u00e9l a un aliado \u201cno hay forma de que esto no funcione, esto es para que se pueda vivir mejor\u201d.<\/p>\n\n\n\n<p>En la rueda de prensa tambi\u00e9n acompa\u00f1aron al senador Alejandro Armenta, Julio Huerta G\u00f3mez; Dafne Gaspar, coordinador de J\u00f3venes; Carmen Mar\u00eda Palma y Araceli Casel\u00edn, regidoras de Morena; Celina Pe\u00f1a, coordinadora de Colectivos; Alfonso Aguirre del Colectivo del Deporte; Andr\u00e9s Villegas, presidente del Consejo Estatal de Morena; Alexa Espidio, coordinadora de J\u00f3venes; Rodolfo Huerta, Vocero; Abraham Quiroz; Roberto Bautista Lozano; Mauricio Castillo; Rebeca Ba\u00f1uelos; Mariella Areola Ferreira, campeona de Karate y Gaby \u201cLa Bonita S\u00e1nchez\u201d, Campeona Mundial.<\/p>\n","protected":false},"excerpt":{"rendered":"<p>\u201cFortalecer los equipos es incorporar talentos para las diversas \u00e1reas, que permitan desarrollar de manera eficiente las tareas que benefician a la sociedad\u201d, asegur\u00f3 el senador Alejandro Armenta, al anunciar que Jos\u00e9 Luis S\u00e1nchez Sol\u00e1, \u201cEl Chelis\u201d, se incorpora como asesor t\u00e9cnico en la c\u00e1mara alta \u201ceso se traduce en fortaleza, en poner al servicio [&hellip;]<\/p>\n","protected":false},"author":4,"featured_media":39595,"comment_status":"open","ping_status":"open","sticky":false,"template":"","format":"standard","meta":{"om_disable_all_campaigns":false,"_monsterinsights_skip_tracking":false,"_monsterinsights_sitenote_active":false,"_monsterinsights_sitenote_note":"","_monsterinsights_sitenote_category":0,"footnotes":""},"categories":[175],"tags":[128,223],"class_list":["post-39594","post","type-post","status-publish","format-standard","has-post-thumbnail","hentry","category-local","tag-politics","tag-puebla"],"amp_enabled":true,"_links":{"self":[{"href":"https:\/\/lahora.mx\/index.php\/wp-json\/wp\/v2\/posts\/39594","targetHints":{"allow":["GET"]}}],"collection":[{"href":"https:\/\/lahora.mx\/index.php\/wp-json\/wp\/v2\/posts"}],"about":[{"href":"https:\/\/lahora.mx\/index.php\/wp-json\/wp\/v2\/types\/post"}],"author":[{"embeddable":true,"href":"https:\/\/lahora.mx\/index.php\/wp-json\/wp\/v2\/users\/4"}],"replies":[{"embeddable":true,"href":"https:\/\/lahora.mx\/index.php\/wp-json\/wp\/v2\/comments?post=39594"}],"version-history":[{"count":1,"href":"https:\/\/lahora.mx\/index.php\/wp-json\/wp\/v2\/posts\/39594\/revisions"}],"predecessor-version":[{"id":39596,"href":"https:\/\/lahora.mx\/index.php\/wp-json\/wp\/v2\/posts\/39594\/revisions\/39596"}],"wp:featuredmedia":[{"embeddable":true,"href":"https:\/\/lahora.mx\/index.php\/wp-json\/wp\/v2\/media\/39595"}],"wp:attachment":[{"href":"https:\/\/lahora.mx\/index.php\/wp-json\/wp\/v2\/media?parent=39594"}],"wp:term":[{"taxonomy":"category","embeddable":true,"href":"https:\/\/lahora.mx\/index.php\/wp-json\/wp\/v2\/categories?post=39594"},{"taxonomy":"post_tag","embeddable":true,"href":"https:\/\/lahora.mx\/index.php\/wp-json\/wp\/v2\/tags?post=39594"}],"curies":[{"name":"wp","href":"https:\/\/api.w.org\/{rel}","templated":true}]}}