{"id":39569,"date":"2024-01-08T17:44:26","date_gmt":"2024-01-08T17:44:26","guid":{"rendered":"http:\/\/lahora.mx\/?p=39569"},"modified":"2024-01-08T17:44:26","modified_gmt":"2024-01-08T17:44:26","slug":"operativo-regreso-a-clases-2024-en-puebla","status":"publish","type":"post","link":"https:\/\/lahora.mx\/index.php\/2024\/01\/08\/operativo-regreso-a-clases-2024-en-puebla\/","title":{"rendered":"Operativo \u201cRegreso a Clases 2024\u201d en Puebla"},"content":{"rendered":"\n<p>El Ayuntamiento de Puebla arranc\u00f3, este lunes 8 de enero, el operativo \u00abRegreso a clases invierno 2024\u00bb, a cargo de la Secretar\u00eda de Seguridad Ciudadana (SSC).<\/p>\n\n\n\n<p>Durante su mensaje, el presidente suplente de la capital, Ad\u00e1n Dom\u00ednguez S\u00e1nchez, indic\u00f3 que en este operativo se desplegar\u00e1n 480 elementos de la Polic\u00eda Municipal.<\/p>\n\n\n\n<p>Agreg\u00f3 que tambi\u00e9n ser\u00e1n utilizados 57 unidades, 48 motopatrullas, cuatro camiones, una ambulancia y dos pipas que operar\u00e1n en las principales avenidas de la ciudad.<\/p>\n\n\n\n<p>Por su parte, la titular de la Secretar\u00eda de Seguridad Ciudadana, Mar\u00eda del Consuelo Cruz Galindo, asegur\u00f3 que tambi\u00e9n habr\u00e1 operativos en unidades del transporte p\u00fablico.<\/p>\n\n\n\n<p>Se\u00f1al\u00f3 que existe una coordinaci\u00f3n con la Benem\u00e9rita Universidad Aut\u00f3noma de Puebla (BUAP) y otras instituciones de educaci\u00f3n superior para atender posibles eventualidades durante este regreso a clases.<\/p>\n","protected":false},"excerpt":{"rendered":"<p>El Ayuntamiento de Puebla arranc\u00f3, este lunes 8 de enero, el operativo \u00abRegreso a clases invierno 2024\u00bb, a cargo de la Secretar\u00eda de Seguridad Ciudadana (SSC). Durante su mensaje, el presidente suplente de la capital, Ad\u00e1n Dom\u00ednguez S\u00e1nchez, indic\u00f3 que en este operativo se desplegar\u00e1n 480 elementos de la Polic\u00eda Municipal. Agreg\u00f3 que tambi\u00e9n ser\u00e1n [&hellip;]<\/p>\n","protected":false},"author":4,"featured_media":39570,"comment_status":"open","ping_status":"open","sticky":false,"template":"","format":"standard","meta":{"om_disable_all_campaigns":false,"_monsterinsights_skip_tracking":false,"_monsterinsights_sitenote_active":false,"_monsterinsights_sitenote_note":"","_monsterinsights_sitenote_category":0,"footnotes":""},"categories":[175],"tags":[195,223],"class_list":["post-39569","post","type-post","status-publish","format-standard","has-post-thumbnail","hentry","category-local","tag-principal","tag-puebla"],"amp_enabled":true,"_links":{"self":[{"href":"https:\/\/lahora.mx\/index.php\/wp-json\/wp\/v2\/posts\/39569","targetHints":{"allow":["GET"]}}],"collection":[{"href":"https:\/\/lahora.mx\/index.php\/wp-json\/wp\/v2\/posts"}],"about":[{"href":"https:\/\/lahora.mx\/index.php\/wp-json\/wp\/v2\/types\/post"}],"author":[{"embeddable":true,"href":"https:\/\/lahora.mx\/index.php\/wp-json\/wp\/v2\/users\/4"}],"replies":[{"embeddable":true,"href":"https:\/\/lahora.mx\/index.php\/wp-json\/wp\/v2\/comments?post=39569"}],"version-history":[{"count":1,"href":"https:\/\/lahora.mx\/index.php\/wp-json\/wp\/v2\/posts\/39569\/revisions"}],"predecessor-version":[{"id":39571,"href":"https:\/\/lahora.mx\/index.php\/wp-json\/wp\/v2\/posts\/39569\/revisions\/39571"}],"wp:featuredmedia":[{"embeddable":true,"href":"https:\/\/lahora.mx\/index.php\/wp-json\/wp\/v2\/media\/39570"}],"wp:attachment":[{"href":"https:\/\/lahora.mx\/index.php\/wp-json\/wp\/v2\/media?parent=39569"}],"wp:term":[{"taxonomy":"category","embeddable":true,"href":"https:\/\/lahora.mx\/index.php\/wp-json\/wp\/v2\/categories?post=39569"},{"taxonomy":"post_tag","embeddable":true,"href":"https:\/\/lahora.mx\/index.php\/wp-json\/wp\/v2\/tags?post=39569"}],"curies":[{"name":"wp","href":"https:\/\/api.w.org\/{rel}","templated":true}]}}