{"id":39566,"date":"2024-01-08T17:36:50","date_gmt":"2024-01-08T17:36:50","guid":{"rendered":"http:\/\/lahora.mx\/?p=39566"},"modified":"2024-01-08T17:36:51","modified_gmt":"2024-01-08T17:36:51","slug":"si-adan-dominguez-fue-a-evento-de-lalo-rivera-yo-ire-a-los-de-morena-en-mis-tiempos-libres-menciona-el-gobernador-sergio-salomon","status":"publish","type":"post","link":"https:\/\/lahora.mx\/index.php\/2024\/01\/08\/si-adan-dominguez-fue-a-evento-de-lalo-rivera-yo-ire-a-los-de-morena-en-mis-tiempos-libres-menciona-el-gobernador-sergio-salomon\/","title":{"rendered":"Si Ad\u00e1n Dominguez fue a evento de Lalo Rivera yo ir\u00e9 a los de Morena en mis tiempos libres menciona el gobernador Sergio Salom\u00f3n"},"content":{"rendered":"\n<p>El gobernador Sergio Salom\u00f3n C\u00e9spedes asegur\u00f3 que asistir\u00e1 a los eventos de campa\u00f1a de Morena, en sus tiempos libres, tal y como lo hace el alcalde de la capital Ad\u00e1n Dom\u00ednguez.<\/p>\n\n\n\n<p>En su tradicional ma\u00f1anera, el gobernador asegur\u00f3 que no hay favoritismo entre los aspirantes a un cargo por Morena y es por ello que no se ha presentado en ning\u00fan evento p\u00fablico.<\/p>\n\n\n\n<p>Sin embargo, analiza hacerlo tal y como ya lo hizo en alcalde de la capital, por lo que dijo que en sus tiempos libres se dar\u00e1 la oportunidad de acudir a dichos eventos.<\/p>\n\n\n\n<p>Hay que recordar que Ad\u00e1n Dom\u00ednguez acudi\u00f3 al cierre de campa\u00f1a de Eduardo Rivera en el que estuvo presente X\u00f3chitl G\u00e1lvez.<\/p>\n","protected":false},"excerpt":{"rendered":"<p>El gobernador Sergio Salom\u00f3n C\u00e9spedes asegur\u00f3 que asistir\u00e1 a los eventos de campa\u00f1a de Morena, en sus tiempos libres, tal y como lo hace el alcalde de la capital Ad\u00e1n Dom\u00ednguez. En su tradicional ma\u00f1anera, el gobernador asegur\u00f3 que no hay favoritismo entre los aspirantes a un cargo por Morena y es por ello que [&hellip;]<\/p>\n","protected":false},"author":4,"featured_media":39567,"comment_status":"open","ping_status":"open","sticky":false,"template":"","format":"standard","meta":{"om_disable_all_campaigns":false,"_monsterinsights_skip_tracking":false,"_monsterinsights_sitenote_active":false,"_monsterinsights_sitenote_note":"","_monsterinsights_sitenote_category":0,"footnotes":""},"categories":[175],"tags":[223],"class_list":["post-39566","post","type-post","status-publish","format-standard","has-post-thumbnail","hentry","category-local","tag-puebla"],"amp_enabled":true,"_links":{"self":[{"href":"https:\/\/lahora.mx\/index.php\/wp-json\/wp\/v2\/posts\/39566","targetHints":{"allow":["GET"]}}],"collection":[{"href":"https:\/\/lahora.mx\/index.php\/wp-json\/wp\/v2\/posts"}],"about":[{"href":"https:\/\/lahora.mx\/index.php\/wp-json\/wp\/v2\/types\/post"}],"author":[{"embeddable":true,"href":"https:\/\/lahora.mx\/index.php\/wp-json\/wp\/v2\/users\/4"}],"replies":[{"embeddable":true,"href":"https:\/\/lahora.mx\/index.php\/wp-json\/wp\/v2\/comments?post=39566"}],"version-history":[{"count":1,"href":"https:\/\/lahora.mx\/index.php\/wp-json\/wp\/v2\/posts\/39566\/revisions"}],"predecessor-version":[{"id":39568,"href":"https:\/\/lahora.mx\/index.php\/wp-json\/wp\/v2\/posts\/39566\/revisions\/39568"}],"wp:featuredmedia":[{"embeddable":true,"href":"https:\/\/lahora.mx\/index.php\/wp-json\/wp\/v2\/media\/39567"}],"wp:attachment":[{"href":"https:\/\/lahora.mx\/index.php\/wp-json\/wp\/v2\/media?parent=39566"}],"wp:term":[{"taxonomy":"category","embeddable":true,"href":"https:\/\/lahora.mx\/index.php\/wp-json\/wp\/v2\/categories?post=39566"},{"taxonomy":"post_tag","embeddable":true,"href":"https:\/\/lahora.mx\/index.php\/wp-json\/wp\/v2\/tags?post=39566"}],"curies":[{"name":"wp","href":"https:\/\/api.w.org\/{rel}","templated":true}]}}