{"id":39560,"date":"2024-01-08T16:58:45","date_gmt":"2024-01-08T16:58:45","guid":{"rendered":"http:\/\/lahora.mx\/?p=39560"},"modified":"2024-01-08T16:58:46","modified_gmt":"2024-01-08T16:58:46","slug":"padres-de-familia-exigen-destitucion-de-directora-en-primaria-de-cholula","status":"publish","type":"post","link":"https:\/\/lahora.mx\/index.php\/2024\/01\/08\/padres-de-familia-exigen-destitucion-de-directora-en-primaria-de-cholula\/","title":{"rendered":"Padres de familia exigen destituci\u00f3n de directora en primaria de Cholula"},"content":{"rendered":"\n<p>Padres de familia de los alumnos de la escuela primaria \u201cEmiliano Zapata\u201d, ubicada en la colonia del mismo nombre en el municipio de San Andr\u00e9s Cholula, se manifestaron la ma\u00f1ana de este lunes 8 de enero para exigir la destituci\u00f3n de la directora de la instituci\u00f3n.<\/p>\n\n\n\n<p>Por la ma\u00f1ana, los paternales inconformes, quienes protestaron afuera de la escuela primaria, denunciaron que la directora de la instituci\u00f3n no est\u00e1 \u201cdejando crecer a la escuela\u201d, incluso corearon \u201c\u00a1Fuera!\u201d, \u201c\u00a1Fuera!\u201d, refiri\u00e9ndose a la titular de la escuela.<\/p>\n\n\n\n<p>\u201cYa no queremos a la directora. Nadie la quiere. Que se vaya a su casa. \u00a1S\u00e1quenla! No deja crecer a la escuela. A fuerza quiere estar en esta escuela\u201d, expresaron algunos padres de familia.<\/p>\n\n\n\n<p>Asimismo, pidieron a trav\u00e9s de redes sociales la intervenci\u00f3n de la Secretar\u00eda de Educaci\u00f3n P\u00fablica (SEP) del estado, para que les ayuden a resolver el conflicto, pues acusaron \u201cmalos manejos de la directora Ver\u00f3nica\u201d.<\/p>\n\n\n\n<p>Es importante se\u00f1alar que en esta movilizaci\u00f3n los pap\u00e1s de los estudiantes se movilizaron afuera de la escuela, por lo que la calle que tiene poco flujo vehicular se mantuvo cerrada.<\/p>\n","protected":false},"excerpt":{"rendered":"<p>Padres de familia de los alumnos de la escuela primaria \u201cEmiliano Zapata\u201d, ubicada en la colonia del mismo nombre en el municipio de San Andr\u00e9s Cholula, se manifestaron la ma\u00f1ana de este lunes 8 de enero para exigir la destituci\u00f3n de la directora de la instituci\u00f3n. Por la ma\u00f1ana, los paternales inconformes, quienes protestaron afuera [&hellip;]<\/p>\n","protected":false},"author":4,"featured_media":39561,"comment_status":"open","ping_status":"open","sticky":false,"template":"","format":"standard","meta":{"om_disable_all_campaigns":false,"_monsterinsights_skip_tracking":false,"_monsterinsights_sitenote_active":false,"_monsterinsights_sitenote_note":"","_monsterinsights_sitenote_category":0,"footnotes":""},"categories":[175],"tags":[234,223],"class_list":["post-39560","post","type-post","status-publish","format-standard","has-post-thumbnail","hentry","category-local","tag-cholula","tag-puebla"],"amp_enabled":true,"_links":{"self":[{"href":"https:\/\/lahora.mx\/index.php\/wp-json\/wp\/v2\/posts\/39560","targetHints":{"allow":["GET"]}}],"collection":[{"href":"https:\/\/lahora.mx\/index.php\/wp-json\/wp\/v2\/posts"}],"about":[{"href":"https:\/\/lahora.mx\/index.php\/wp-json\/wp\/v2\/types\/post"}],"author":[{"embeddable":true,"href":"https:\/\/lahora.mx\/index.php\/wp-json\/wp\/v2\/users\/4"}],"replies":[{"embeddable":true,"href":"https:\/\/lahora.mx\/index.php\/wp-json\/wp\/v2\/comments?post=39560"}],"version-history":[{"count":1,"href":"https:\/\/lahora.mx\/index.php\/wp-json\/wp\/v2\/posts\/39560\/revisions"}],"predecessor-version":[{"id":39562,"href":"https:\/\/lahora.mx\/index.php\/wp-json\/wp\/v2\/posts\/39560\/revisions\/39562"}],"wp:featuredmedia":[{"embeddable":true,"href":"https:\/\/lahora.mx\/index.php\/wp-json\/wp\/v2\/media\/39561"}],"wp:attachment":[{"href":"https:\/\/lahora.mx\/index.php\/wp-json\/wp\/v2\/media?parent=39560"}],"wp:term":[{"taxonomy":"category","embeddable":true,"href":"https:\/\/lahora.mx\/index.php\/wp-json\/wp\/v2\/categories?post=39560"},{"taxonomy":"post_tag","embeddable":true,"href":"https:\/\/lahora.mx\/index.php\/wp-json\/wp\/v2\/tags?post=39560"}],"curies":[{"name":"wp","href":"https:\/\/api.w.org\/{rel}","templated":true}]}}