{"id":39557,"date":"2024-01-08T16:50:15","date_gmt":"2024-01-08T16:50:15","guid":{"rendered":"http:\/\/lahora.mx\/?p=39557"},"modified":"2024-01-08T16:50:16","modified_gmt":"2024-01-08T16:50:16","slug":"mas-de-2-mil-pesos-la-multa-por-no-verificar-en-puebla","status":"publish","type":"post","link":"https:\/\/lahora.mx\/index.php\/2024\/01\/08\/mas-de-2-mil-pesos-la-multa-por-no-verificar-en-puebla\/","title":{"rendered":"M\u00e1s de 2 mil pesos la multa por no verificar en Puebla"},"content":{"rendered":"\n<p>Para los automovilistas que no realicen su verificaci\u00f3n en tiempo y forma, deber\u00e1n pagar la multa de dos mil 070 pesos y no habr\u00e1 condonaciones en esta multa, detall\u00f3 el gobernador Sergio Salom\u00f3n C\u00e9spedes.<\/p>\n\n\n\n<p>En rueda de prensa, la Secretar\u00eda de Medio Ambiente detall\u00f3 que la multa por no realizar este tr\u00e1mite es correspondiente a 20 UMA, es decir, los dos mil 070 pesos antes mencionados.<\/p>\n\n\n\n<p>Por su parte, el mandatario mencion\u00f3 que no habr\u00e1 condonaciones en este rubro, debido a que es un tema ambiental.<\/p>\n\n\n\n<p>Hay que recordar que, la verificaci\u00f3n es obligatoria desde el a\u00f1o pasado, pues se puso en marcha el programa de verificaci\u00f3n.<\/p>\n","protected":false},"excerpt":{"rendered":"<p>Para los automovilistas que no realicen su verificaci\u00f3n en tiempo y forma, deber\u00e1n pagar la multa de dos mil 070 pesos y no habr\u00e1 condonaciones en esta multa, detall\u00f3 el gobernador Sergio Salom\u00f3n C\u00e9spedes. En rueda de prensa, la Secretar\u00eda de Medio Ambiente detall\u00f3 que la multa por no realizar este tr\u00e1mite es correspondiente a [&hellip;]<\/p>\n","protected":false},"author":4,"featured_media":39558,"comment_status":"open","ping_status":"open","sticky":false,"template":"","format":"standard","meta":{"om_disable_all_campaigns":false,"_monsterinsights_skip_tracking":false,"_monsterinsights_sitenote_active":false,"_monsterinsights_sitenote_note":"","_monsterinsights_sitenote_category":0,"footnotes":""},"categories":[175],"tags":[195,223],"class_list":["post-39557","post","type-post","status-publish","format-standard","has-post-thumbnail","hentry","category-local","tag-principal","tag-puebla"],"amp_enabled":true,"_links":{"self":[{"href":"https:\/\/lahora.mx\/index.php\/wp-json\/wp\/v2\/posts\/39557","targetHints":{"allow":["GET"]}}],"collection":[{"href":"https:\/\/lahora.mx\/index.php\/wp-json\/wp\/v2\/posts"}],"about":[{"href":"https:\/\/lahora.mx\/index.php\/wp-json\/wp\/v2\/types\/post"}],"author":[{"embeddable":true,"href":"https:\/\/lahora.mx\/index.php\/wp-json\/wp\/v2\/users\/4"}],"replies":[{"embeddable":true,"href":"https:\/\/lahora.mx\/index.php\/wp-json\/wp\/v2\/comments?post=39557"}],"version-history":[{"count":1,"href":"https:\/\/lahora.mx\/index.php\/wp-json\/wp\/v2\/posts\/39557\/revisions"}],"predecessor-version":[{"id":39559,"href":"https:\/\/lahora.mx\/index.php\/wp-json\/wp\/v2\/posts\/39557\/revisions\/39559"}],"wp:featuredmedia":[{"embeddable":true,"href":"https:\/\/lahora.mx\/index.php\/wp-json\/wp\/v2\/media\/39558"}],"wp:attachment":[{"href":"https:\/\/lahora.mx\/index.php\/wp-json\/wp\/v2\/media?parent=39557"}],"wp:term":[{"taxonomy":"category","embeddable":true,"href":"https:\/\/lahora.mx\/index.php\/wp-json\/wp\/v2\/categories?post=39557"},{"taxonomy":"post_tag","embeddable":true,"href":"https:\/\/lahora.mx\/index.php\/wp-json\/wp\/v2\/tags?post=39557"}],"curies":[{"name":"wp","href":"https:\/\/api.w.org\/{rel}","templated":true}]}}