{"id":39488,"date":"2024-01-07T16:20:47","date_gmt":"2024-01-07T16:20:47","guid":{"rendered":"http:\/\/lahora.mx\/?p=39488"},"modified":"2024-01-07T17:46:06","modified_gmt":"2024-01-07T17:46:06","slug":"morena-aplaza-nuevamente-la-publicacion-de-registros-ahora-hasta-marzo","status":"publish","type":"post","link":"https:\/\/lahora.mx\/index.php\/2024\/01\/07\/morena-aplaza-nuevamente-la-publicacion-de-registros-ahora-hasta-marzo\/","title":{"rendered":"Morena aplaza, nuevamente la publicaci\u00f3n de registros, ahora hasta marzo"},"content":{"rendered":"\n<p>De nueva cuenta, el partido Movimiento Regeneraci\u00f3n Nacional (Morena) aplaz\u00f3 la publicaci\u00f3n de los registros aprobados del proceso interno para designar las candidaturas a presidencias municipales y diputaciones locales hasta marzo.<\/p>\n\n\n\n<p>A trav\u00e9s de un documento dado a conocer ayer s\u00e1bado 6 de enero de la Comisi\u00f3n Nacional de Elecciones del partido, se detalla que para el caso de Puebla, la publicaci\u00f3n de los resultados para determinar los registros aprobados a diputaciones locales y ayuntamientos se har\u00e1 el 9 de marzo.<\/p>\n\n\n\n<p>Morena aplaza, otra vez, publicaci\u00f3n de registros hasta marzo<br>\u201c6. Que, esta Comisi\u00f3n decide ampliar el plazo de la publicaci\u00f3n de la relaci\u00f3n de registros aprobados al proceso de selecci\u00f3n de Morena para candidaturas a cargos de diputaciones locales, Ayuntamientos, Alcald\u00edas, presidencias de comunidad y juntas municipales, seg\u00fan sea el caso, en los procesos locales concurrentes 2023- 2024\u201d.<\/p>\n\n\n\n<p>Mario Carrillo da nueva fecha tentativa de resultados<br>A mediados de diciembre, el dirigente nacional del Morena, Mario Delgado Carrillo, ampli\u00f3 la fecha para dar a conocer los ganadores del proceso interno para designar las candidaturas a presidencias municipales, diputaciones federales y locales, as\u00ed como regidur\u00edas.<\/p>\n\n\n\n<p>Estas ser\u00edan publicadas del 4 de enero al 22 de enero; sin embargo, de acuerdo con Delgado Carrillo las fechas no eran definitivas y podr\u00edan estar sujetas a cambios, de acuerdo con el n\u00famero de aspirantes registrados y el an\u00e1lisis de sus perfiles.<\/p>\n\n\n\n<p>De forma tentativa, ser\u00eda el domingo 7 de enero cuando la Comisi\u00f3n Nacional de Elecciones hiciera p\u00fablicas las listas con las solicitudes aprobadas para los aspirantes a la C\u00e1mara de Diputados, el 18 de enero se conocer\u00edan los nombres de los finalistas a las presidencias municipales y el 25 de enero los de aspirantes al Congreso local.<\/p>\n\n\n\n<p>Aquella ocasi\u00f3n, Delgado Carrillo llam\u00f3 a los militantes y simpatizantes de Morena a no caer en rumores y especulaciones sobre los ganadores. Detall\u00f3 que \u201cning\u00fan anuncio puede tomarse por oficial hasta que lo haga la Comisi\u00f3n Nacional de Elecciones\u201d.<\/p>\n","protected":false},"excerpt":{"rendered":"<p>De nueva cuenta, el partido Movimiento Regeneraci\u00f3n Nacional (Morena) aplaz\u00f3 la publicaci\u00f3n de los registros aprobados del proceso interno para designar las candidaturas a presidencias municipales y diputaciones locales hasta marzo. A trav\u00e9s de un documento dado a conocer ayer s\u00e1bado 6 de enero de la Comisi\u00f3n Nacional de Elecciones del partido, se detalla que [&hellip;]<\/p>\n","protected":false},"author":4,"featured_media":39490,"comment_status":"open","ping_status":"open","sticky":false,"template":"","format":"standard","meta":{"om_disable_all_campaigns":false,"_monsterinsights_skip_tracking":false,"_monsterinsights_sitenote_active":false,"_monsterinsights_sitenote_note":"","_monsterinsights_sitenote_category":0,"footnotes":""},"categories":[176],"tags":[195,223],"class_list":["post-39488","post","type-post","status-publish","format-standard","has-post-thumbnail","hentry","category-nacional","tag-principal","tag-puebla"],"amp_enabled":true,"_links":{"self":[{"href":"https:\/\/lahora.mx\/index.php\/wp-json\/wp\/v2\/posts\/39488","targetHints":{"allow":["GET"]}}],"collection":[{"href":"https:\/\/lahora.mx\/index.php\/wp-json\/wp\/v2\/posts"}],"about":[{"href":"https:\/\/lahora.mx\/index.php\/wp-json\/wp\/v2\/types\/post"}],"author":[{"embeddable":true,"href":"https:\/\/lahora.mx\/index.php\/wp-json\/wp\/v2\/users\/4"}],"replies":[{"embeddable":true,"href":"https:\/\/lahora.mx\/index.php\/wp-json\/wp\/v2\/comments?post=39488"}],"version-history":[{"count":1,"href":"https:\/\/lahora.mx\/index.php\/wp-json\/wp\/v2\/posts\/39488\/revisions"}],"predecessor-version":[{"id":39491,"href":"https:\/\/lahora.mx\/index.php\/wp-json\/wp\/v2\/posts\/39488\/revisions\/39491"}],"wp:featuredmedia":[{"embeddable":true,"href":"https:\/\/lahora.mx\/index.php\/wp-json\/wp\/v2\/media\/39490"}],"wp:attachment":[{"href":"https:\/\/lahora.mx\/index.php\/wp-json\/wp\/v2\/media?parent=39488"}],"wp:term":[{"taxonomy":"category","embeddable":true,"href":"https:\/\/lahora.mx\/index.php\/wp-json\/wp\/v2\/categories?post=39488"},{"taxonomy":"post_tag","embeddable":true,"href":"https:\/\/lahora.mx\/index.php\/wp-json\/wp\/v2\/tags?post=39488"}],"curies":[{"name":"wp","href":"https:\/\/api.w.org\/{rel}","templated":true}]}}