{"id":39457,"date":"2024-01-05T23:15:11","date_gmt":"2024-01-05T23:15:11","guid":{"rendered":"http:\/\/lahora.mx\/?p=39457"},"modified":"2024-01-05T23:15:12","modified_gmt":"2024-01-05T23:15:12","slug":"muere-el-empresario-carlos-bremer-a-los-63-anos-por-complicaciones-de-salud","status":"publish","type":"post","link":"https:\/\/lahora.mx\/index.php\/2024\/01\/05\/muere-el-empresario-carlos-bremer-a-los-63-anos-por-complicaciones-de-salud\/","title":{"rendered":"Muere el empresario Carlos Bremer a los 63 a\u00f1os por complicaciones de salud"},"content":{"rendered":"\n<p>El empresario Carlos Bremer falleci\u00f3 la tarde de este viernes 5 de enero a la edad de 63 a\u00f1os por complicaciones de salud; el neoleon\u00e9s se encontraba hospitalizado desde hace tres d\u00edas, informaron amigos y familiares cercanos.<\/p>\n\n\n\n<p>El 2 de enero, Bremer se encontraba en oficinas de su empresa Value Grupo Financiero, ubicadas en el municipio San Pedro Garza Garc\u00eda, Nuevo Le\u00f3n, cuando sufri\u00f3 un desmayo tipo preinfarto, raz\u00f3n por la que fue transportado de emergencia a un hospital cercano.<\/p>\n\n\n\n<p>El empresario era amigo de personalidades como Luis Miguel, Saul \u201cEl Canelo\u201d \u00c1lvarez y el actual presidente Andr\u00e9s Manuel L\u00f3pez Obrador.<\/p>\n\n\n\n<p>Con el presidente L\u00f3pez Obrador forj\u00f3 una amistad e incluso particip\u00f3 con \u00e9l en reuniones de estado, como la llevada a cabo en 2020, donde el titular del Ejecutivo federal se reuni\u00f3 con el entonces presidente Donald Trump.<\/p>\n\n\n\n<p>Carlos Bremer cobr\u00f3 relevancia en a\u00f1os recientes debido a su participaci\u00f3n en el reality show Shark Tank M\u00e9xico, donde junto con otros cuatro empresarios invert\u00edan en potenciales negocios.<\/p>\n\n\n\n<p>El magnate naci\u00f3 el 1 de junio de 1960; curs\u00f3 estudios universitarios en el Instituto Tecnol\u00f3gico de Estudios Superiores de Monterrey de donde se gradu\u00f3 en contadur\u00eda. Era esposo de Adriana Ibarra y padre de cuatro hijos: Adriana, Marcelo, Pau y Carlos, tambi\u00e9n fallecido.<\/p>\n","protected":false},"excerpt":{"rendered":"<p>El empresario Carlos Bremer falleci\u00f3 la tarde de este viernes 5 de enero a la edad de 63 a\u00f1os por complicaciones de salud; el neoleon\u00e9s se encontraba hospitalizado desde hace tres d\u00edas, informaron amigos y familiares cercanos. El 2 de enero, Bremer se encontraba en oficinas de su empresa Value Grupo Financiero, ubicadas en el [&hellip;]<\/p>\n","protected":false},"author":4,"featured_media":39458,"comment_status":"open","ping_status":"open","sticky":false,"template":"","format":"standard","meta":{"om_disable_all_campaigns":false,"_monsterinsights_skip_tracking":false,"_monsterinsights_sitenote_active":false,"_monsterinsights_sitenote_note":"","_monsterinsights_sitenote_category":0,"footnotes":""},"categories":[176],"tags":[],"class_list":["post-39457","post","type-post","status-publish","format-standard","has-post-thumbnail","hentry","category-nacional"],"amp_enabled":true,"_links":{"self":[{"href":"https:\/\/lahora.mx\/index.php\/wp-json\/wp\/v2\/posts\/39457","targetHints":{"allow":["GET"]}}],"collection":[{"href":"https:\/\/lahora.mx\/index.php\/wp-json\/wp\/v2\/posts"}],"about":[{"href":"https:\/\/lahora.mx\/index.php\/wp-json\/wp\/v2\/types\/post"}],"author":[{"embeddable":true,"href":"https:\/\/lahora.mx\/index.php\/wp-json\/wp\/v2\/users\/4"}],"replies":[{"embeddable":true,"href":"https:\/\/lahora.mx\/index.php\/wp-json\/wp\/v2\/comments?post=39457"}],"version-history":[{"count":1,"href":"https:\/\/lahora.mx\/index.php\/wp-json\/wp\/v2\/posts\/39457\/revisions"}],"predecessor-version":[{"id":39459,"href":"https:\/\/lahora.mx\/index.php\/wp-json\/wp\/v2\/posts\/39457\/revisions\/39459"}],"wp:featuredmedia":[{"embeddable":true,"href":"https:\/\/lahora.mx\/index.php\/wp-json\/wp\/v2\/media\/39458"}],"wp:attachment":[{"href":"https:\/\/lahora.mx\/index.php\/wp-json\/wp\/v2\/media?parent=39457"}],"wp:term":[{"taxonomy":"category","embeddable":true,"href":"https:\/\/lahora.mx\/index.php\/wp-json\/wp\/v2\/categories?post=39457"},{"taxonomy":"post_tag","embeddable":true,"href":"https:\/\/lahora.mx\/index.php\/wp-json\/wp\/v2\/tags?post=39457"}],"curies":[{"name":"wp","href":"https:\/\/api.w.org\/{rel}","templated":true}]}}