{"id":39446,"date":"2024-01-05T22:45:18","date_gmt":"2024-01-05T22:45:18","guid":{"rendered":"http:\/\/lahora.mx\/?p=39446"},"modified":"2024-01-05T22:46:25","modified_gmt":"2024-01-05T22:46:25","slug":"pide-la-gobernadora-lorena-cuellar-a-aspirantes-de-eleccion-popular-hacer-un-ejercicio-democratico","status":"publish","type":"post","link":"https:\/\/lahora.mx\/index.php\/2024\/01\/05\/pide-la-gobernadora-lorena-cuellar-a-aspirantes-de-eleccion-popular-hacer-un-ejercicio-democratico\/","title":{"rendered":"Pide la gobernadora Lorena Cu\u00e9llar a aspirantes de elecci\u00f3n popular hacer un ejercicio democr\u00e1tico"},"content":{"rendered":"\n<p>De cara a los procesos electorales que este a\u00f1o se van a llevar a cabo en la entidad y sus municipios, la gobernadora de Tlaxcala Lorena Cu\u00e9llar Cisneros pidi\u00f3 a los involucrados que participar\u00e1n hacer un ejercicio de democracia justa.<\/p>\n\n\n\n<p>La titular del Poder Ejecutivo, invit\u00f3 a la ciudadan\u00eda a participar en las encuestas para que los resultados permitan tener buenos candidatos lo que permitir\u00e1 ser mejores presidentes o presidentas municipales, as\u00ed como diputados y otros cargos de elecci\u00f3n popular.<\/p>\n\n\n\n<p>\u201cHoy lo que vamos a ver es quien salga electo en las encuestas ser\u00e1 un ejemplo de democracia, ser\u00e1n respaldadas por su trabajo y entrega con los ciudadanos, su apoyo lo tendr\u00e1n con base a quienes ven en las calles y est\u00e9n cerca de la genta.<\/p>\n\n\n\n<p>Cu\u00e9llar Cisneros, indic\u00f3 que el ejercicio democr\u00e1tico que este a\u00f1o se llevar\u00e1 a cabo mostrar\u00e1 la participaci\u00f3n pol\u00edtica de la sociedad, adem\u00e1s que los nuevos actores pol\u00edticos se sumar\u00e1n al compromiso de transformar a Tlaxcala.<\/p>\n\n\n\n<p>\u201cQue la gente participe en las encuetas permitir\u00e1 sumar a tener buenos resultados y personas que est\u00e9n comprometidos con Tlaxcala, que amen lo que hagan que est\u00e9n de manera permanente con el pueblo\u201d.<\/p>\n\n\n\n<p>Finalmente, se\u00f1al\u00f3 que se hace un recuento con el Poder Judicial para analizar que se haga un buen uso de los recursos, \u201cme interesa mucho detener a gente que le hizo da\u00f1o a sus pueblos y lo voy a hacer, obviamente necesito del Poder Judicial para que hagamos ese acto\u201d.<\/p>\n","protected":false},"excerpt":{"rendered":"<p>De cara a los procesos electorales que este a\u00f1o se van a llevar a cabo en la entidad y sus municipios, la gobernadora de Tlaxcala Lorena Cu\u00e9llar Cisneros pidi\u00f3 a los involucrados que participar\u00e1n hacer un ejercicio de democracia justa. La titular del Poder Ejecutivo, invit\u00f3 a la ciudadan\u00eda a participar en las encuestas para [&hellip;]<\/p>\n","protected":false},"author":4,"featured_media":39447,"comment_status":"open","ping_status":"open","sticky":false,"template":"","format":"standard","meta":{"om_disable_all_campaigns":false,"_monsterinsights_skip_tracking":false,"_monsterinsights_sitenote_active":false,"_monsterinsights_sitenote_note":"","_monsterinsights_sitenote_category":0,"footnotes":""},"categories":[175],"tags":[223,210],"class_list":["post-39446","post","type-post","status-publish","format-standard","has-post-thumbnail","hentry","category-local","tag-puebla","tag-tlaxcala"],"amp_enabled":true,"_links":{"self":[{"href":"https:\/\/lahora.mx\/index.php\/wp-json\/wp\/v2\/posts\/39446","targetHints":{"allow":["GET"]}}],"collection":[{"href":"https:\/\/lahora.mx\/index.php\/wp-json\/wp\/v2\/posts"}],"about":[{"href":"https:\/\/lahora.mx\/index.php\/wp-json\/wp\/v2\/types\/post"}],"author":[{"embeddable":true,"href":"https:\/\/lahora.mx\/index.php\/wp-json\/wp\/v2\/users\/4"}],"replies":[{"embeddable":true,"href":"https:\/\/lahora.mx\/index.php\/wp-json\/wp\/v2\/comments?post=39446"}],"version-history":[{"count":1,"href":"https:\/\/lahora.mx\/index.php\/wp-json\/wp\/v2\/posts\/39446\/revisions"}],"predecessor-version":[{"id":39448,"href":"https:\/\/lahora.mx\/index.php\/wp-json\/wp\/v2\/posts\/39446\/revisions\/39448"}],"wp:featuredmedia":[{"embeddable":true,"href":"https:\/\/lahora.mx\/index.php\/wp-json\/wp\/v2\/media\/39447"}],"wp:attachment":[{"href":"https:\/\/lahora.mx\/index.php\/wp-json\/wp\/v2\/media?parent=39446"}],"wp:term":[{"taxonomy":"category","embeddable":true,"href":"https:\/\/lahora.mx\/index.php\/wp-json\/wp\/v2\/categories?post=39446"},{"taxonomy":"post_tag","embeddable":true,"href":"https:\/\/lahora.mx\/index.php\/wp-json\/wp\/v2\/tags?post=39446"}],"curies":[{"name":"wp","href":"https:\/\/api.w.org\/{rel}","templated":true}]}}