{"id":39443,"date":"2024-01-05T19:10:18","date_gmt":"2024-01-05T19:10:18","guid":{"rendered":"http:\/\/lahora.mx\/?p=39443"},"modified":"2024-01-05T19:10:19","modified_gmt":"2024-01-05T19:10:19","slug":"habra-en-tlaxcala-parques-inclusivos","status":"publish","type":"post","link":"https:\/\/lahora.mx\/index.php\/2024\/01\/05\/habra-en-tlaxcala-parques-inclusivos\/","title":{"rendered":"Habr\u00e1 en Tlaxcala parques inclusivos"},"content":{"rendered":"\n<p>El gobierno estatal proyecta para el presente a\u00f1o la creaci\u00f3n de parques inclusivos en los municipios que concentran la mayor cantidad de personas con discapacidad temporal o permanente, as\u00ed como para adultos mayores, en los que ser\u00e1 instalado equipo especial para que tengan la posibilidad de hacer actividades al aire libre como terapias, recreaci\u00f3n o esparcimiento.<\/p>\n\n\n\n<p>En un a\u00f1o consolid\u00f3 Tlaxcala obras en materia de salud<br>El programa estar\u00e1 a cargo de la Secretar\u00eda de Bienestar del Estado y tiene como fin promover, fomentar y garantizar los derechos de las personas con discapacidad, y de esa manera combatir la desigualdad y la discriminaci\u00f3n de la que hist\u00f3ricamente han sido objeto.<\/p>\n\n\n\n<p>Las reglas de operaci\u00f3n establecen que el programa ser\u00e1 desarrollado en las cinco regiones del estado, pero priorizar\u00e1n aquellos municipios que concentran la mayor cantidad de personas con discapacidad temporal o permanente y adultos mayores, con o sin discapacidad.<\/p>\n\n\n\n<p>En la entidad existen grupos que se encuentran m\u00e1s desfavorecidos o cuentan con menos oportunidades, al hacer referencia a las personas con alguna discapacidad que en Tlaxcala son 72 mil 806 personas, ya sea f\u00edsica o mental.<\/p>\n\n\n\n<p>La \u00faltima publicaci\u00f3n del Consejo Nacional de Evaluaci\u00f3n de la Pol\u00edtica de Desarrollo Social se\u00f1ala que del total de esa poblaci\u00f3n, 43 mil 421 est\u00e1n en pobreza multidimensional; siete mil 386 en pobreza extrema y 36 mil 035 en pobreza moderada.<\/p>\n\n\n\n<p>Asimismo, indica que las personas con discapacidad enfrentan barreras econ\u00f3micas, f\u00edsicas y sociales que limitan el disfrute pleno del ejercicio de sus derechos sociales, como ingresos insuficientes, incipiente acceso a los servicios de salud y educaci\u00f3n, y el limitado acceso al mercado laboral y en condiciones dignas.<\/p>\n\n\n\n<p>Realizar\u00e1 ITE acciones afirmativas dirigidas a la poblaci\u00f3n prioritaria<br>A trav\u00e9s de ese programa, la Secretaria de Bienestar del estado entregar\u00e1 a los municipios el equipamiento necesario para la instalaci\u00f3n de los parques inclusivos que contar\u00e1n con los insumos necesarios como juegos infantiles, equipos para ejercicio al aire libre, se\u00f1al\u00e9tica en sistema braille y alfabeto dactilol\u00f3gico.<\/p>\n\n\n\n<p>Y para ello los municipios deben tener un espacio p\u00fablico para convertirlo en parque inclusivo, que deber\u00e1 contar por lo menos con rampa de acceso, barandales, accesos amplios y equipamiento como bancas, mesas, contenedores de basura, cerca de protecci\u00f3n, alumbrado p\u00fablico, servicios de drenaje y agua potable, techado y cubierta de una parte de piso para protecci\u00f3n.<\/p>\n\n\n\n<p>Una vez que est\u00e9 listo cada parque, autoridades municipales est\u00e1n obligadas a fomentar actividades culturales, deportivas, recreativas, de rehabilitaci\u00f3n y de integraci\u00f3n social, as\u00ed como de libre circulaci\u00f3n, ocio, esparcimiento y recreo, apegados al respeto a la dignidad y a la pluralidad de expresiones culturales, pol\u00edticas, ling\u00fc\u00edsticas y religiosas.<\/p>\n\n\n\n<p>A su cargo queda la contrataci\u00f3n de personal, adquisici\u00f3n o arrendamiento de veh\u00edculos y mantenimiento, papeler\u00eda, materiales para la promoci\u00f3n y difusi\u00f3n de los programas, equipo de oficina y todo lo necesario para su operaci\u00f3n.<\/p>\n\n\n\n<p>Equipar\u00e1 Tlaxcala acelerador m\u00e9dico lineal<br>RESTRICCIONES DEL PROGRAMA<br>Para obtener el apoyo del parque, el predio no debe ser propiedad privada y no puede ser construido en zonas de reserva ecol\u00f3gica, arqueol\u00f3gicas, de valor ambiental o \u00e1reas naturales protegidas o \u00e1reas de riesgo, salvo casos autorizados expresamente por la autoridad competente. Tambi\u00e9n deben contar con la documentaci\u00f3n que acredite la propiedad.<\/p>\n\n\n\n<p>72 mil 806 personas con alguna discapacidad f\u00edsica o mental viven en el estado de Tlaxcala.<br>59.6 por ciento de la poblaci\u00f3n con discapacidad en Tlaxcala, vive en condici\u00f3n de pobreza.<br>Todo el equipamiento contar\u00e1 con caracter\u00edsticas de uso para personas con discapacidad.<\/p>\n","protected":false},"excerpt":{"rendered":"<p>El gobierno estatal proyecta para el presente a\u00f1o la creaci\u00f3n de parques inclusivos en los municipios que concentran la mayor cantidad de personas con discapacidad temporal o permanente, as\u00ed como para adultos mayores, en los que ser\u00e1 instalado equipo especial para que tengan la posibilidad de hacer actividades al aire libre como terapias, recreaci\u00f3n o [&hellip;]<\/p>\n","protected":false},"author":4,"featured_media":39444,"comment_status":"open","ping_status":"open","sticky":false,"template":"","format":"standard","meta":{"om_disable_all_campaigns":false,"_monsterinsights_skip_tracking":false,"_monsterinsights_sitenote_active":false,"_monsterinsights_sitenote_note":"","_monsterinsights_sitenote_category":0,"footnotes":""},"categories":[175],"tags":[223,210],"class_list":["post-39443","post","type-post","status-publish","format-standard","has-post-thumbnail","hentry","category-local","tag-puebla","tag-tlaxcala"],"amp_enabled":true,"_links":{"self":[{"href":"https:\/\/lahora.mx\/index.php\/wp-json\/wp\/v2\/posts\/39443","targetHints":{"allow":["GET"]}}],"collection":[{"href":"https:\/\/lahora.mx\/index.php\/wp-json\/wp\/v2\/posts"}],"about":[{"href":"https:\/\/lahora.mx\/index.php\/wp-json\/wp\/v2\/types\/post"}],"author":[{"embeddable":true,"href":"https:\/\/lahora.mx\/index.php\/wp-json\/wp\/v2\/users\/4"}],"replies":[{"embeddable":true,"href":"https:\/\/lahora.mx\/index.php\/wp-json\/wp\/v2\/comments?post=39443"}],"version-history":[{"count":1,"href":"https:\/\/lahora.mx\/index.php\/wp-json\/wp\/v2\/posts\/39443\/revisions"}],"predecessor-version":[{"id":39445,"href":"https:\/\/lahora.mx\/index.php\/wp-json\/wp\/v2\/posts\/39443\/revisions\/39445"}],"wp:featuredmedia":[{"embeddable":true,"href":"https:\/\/lahora.mx\/index.php\/wp-json\/wp\/v2\/media\/39444"}],"wp:attachment":[{"href":"https:\/\/lahora.mx\/index.php\/wp-json\/wp\/v2\/media?parent=39443"}],"wp:term":[{"taxonomy":"category","embeddable":true,"href":"https:\/\/lahora.mx\/index.php\/wp-json\/wp\/v2\/categories?post=39443"},{"taxonomy":"post_tag","embeddable":true,"href":"https:\/\/lahora.mx\/index.php\/wp-json\/wp\/v2\/tags?post=39443"}],"curies":[{"name":"wp","href":"https:\/\/api.w.org\/{rel}","templated":true}]}}