{"id":39440,"date":"2024-01-05T19:08:41","date_gmt":"2024-01-05T19:08:41","guid":{"rendered":"http:\/\/lahora.mx\/?p=39440"},"modified":"2024-01-05T19:08:42","modified_gmt":"2024-01-05T19:08:42","slug":"fallece-eleazar-molina-ex-presidente-municipal-de-tetla","status":"publish","type":"post","link":"https:\/\/lahora.mx\/index.php\/2024\/01\/05\/fallece-eleazar-molina-ex-presidente-municipal-de-tetla\/","title":{"rendered":"Fallece Eleazar Molina, ex presidente municipal de Tetla"},"content":{"rendered":"\n<p>Por complicaciones en su estado de salud el ex alcalde del municipio de Tetla de la Solidaridad, Eleazar Molina P\u00e9rez, falleci\u00f3 la ma\u00f1ana de este viernes 5 de enero de 2024.<\/p>\n\n\n\n<p>A trav\u00e9s de una esquela, familiares del pol\u00edtico tlaxcalteca confirmaron su deceso y anunciaron que ser\u00e1 velado en la comunidad de San Francisco Atexcatzinco, en esa demarcaci\u00f3n municipal.<\/p>\n\n\n\n<p>Eleazar Molina P\u00e9rez fue presidente municipal de Tetla durante el periodo 2017-2021, puesto al que lleg\u00f3 a trav\u00e9s del Partido Acci\u00f3n Nacional (PAN).<\/p>\n\n\n\n<p>Al concluir su periodo se incorpor\u00f3 al PRD donde busc\u00f3 ser candidato a diputado local para el proceso electoral de 2024.<\/p>\n","protected":false},"excerpt":{"rendered":"<p>Por complicaciones en su estado de salud el ex alcalde del municipio de Tetla de la Solidaridad, Eleazar Molina P\u00e9rez, falleci\u00f3 la ma\u00f1ana de este viernes 5 de enero de 2024. A trav\u00e9s de una esquela, familiares del pol\u00edtico tlaxcalteca confirmaron su deceso y anunciaron que ser\u00e1 velado en la comunidad de San Francisco Atexcatzinco, [&hellip;]<\/p>\n","protected":false},"author":4,"featured_media":39441,"comment_status":"open","ping_status":"open","sticky":false,"template":"","format":"standard","meta":{"om_disable_all_campaigns":false,"_monsterinsights_skip_tracking":false,"_monsterinsights_sitenote_active":false,"_monsterinsights_sitenote_note":"","_monsterinsights_sitenote_category":0,"footnotes":""},"categories":[175],"tags":[223],"class_list":["post-39440","post","type-post","status-publish","format-standard","has-post-thumbnail","hentry","category-local","tag-puebla"],"amp_enabled":true,"_links":{"self":[{"href":"https:\/\/lahora.mx\/index.php\/wp-json\/wp\/v2\/posts\/39440","targetHints":{"allow":["GET"]}}],"collection":[{"href":"https:\/\/lahora.mx\/index.php\/wp-json\/wp\/v2\/posts"}],"about":[{"href":"https:\/\/lahora.mx\/index.php\/wp-json\/wp\/v2\/types\/post"}],"author":[{"embeddable":true,"href":"https:\/\/lahora.mx\/index.php\/wp-json\/wp\/v2\/users\/4"}],"replies":[{"embeddable":true,"href":"https:\/\/lahora.mx\/index.php\/wp-json\/wp\/v2\/comments?post=39440"}],"version-history":[{"count":1,"href":"https:\/\/lahora.mx\/index.php\/wp-json\/wp\/v2\/posts\/39440\/revisions"}],"predecessor-version":[{"id":39442,"href":"https:\/\/lahora.mx\/index.php\/wp-json\/wp\/v2\/posts\/39440\/revisions\/39442"}],"wp:featuredmedia":[{"embeddable":true,"href":"https:\/\/lahora.mx\/index.php\/wp-json\/wp\/v2\/media\/39441"}],"wp:attachment":[{"href":"https:\/\/lahora.mx\/index.php\/wp-json\/wp\/v2\/media?parent=39440"}],"wp:term":[{"taxonomy":"category","embeddable":true,"href":"https:\/\/lahora.mx\/index.php\/wp-json\/wp\/v2\/categories?post=39440"},{"taxonomy":"post_tag","embeddable":true,"href":"https:\/\/lahora.mx\/index.php\/wp-json\/wp\/v2\/tags?post=39440"}],"curies":[{"name":"wp","href":"https:\/\/api.w.org\/{rel}","templated":true}]}}