{"id":39434,"date":"2024-01-05T17:53:01","date_gmt":"2024-01-05T17:53:01","guid":{"rendered":"http:\/\/lahora.mx\/?p=39434"},"modified":"2024-01-05T17:53:01","modified_gmt":"2024-01-05T17:53:01","slug":"tras-asaltos-en-villahermosa-reforzaran-seguridad-en-tabasco-con-guardia-nacional","status":"publish","type":"post","link":"https:\/\/lahora.mx\/index.php\/2024\/01\/05\/tras-asaltos-en-villahermosa-reforzaran-seguridad-en-tabasco-con-guardia-nacional\/","title":{"rendered":"Tras asaltos en Villahermosa, reforzar\u00e1n seguridad en Tabasco con Guardia Nacional"},"content":{"rendered":"\n<p>Tras la ola de asaltos a comercios en Villahermosa, Tabasco, se reforzar\u00e1 la seguridad en el estado con elementos de la Guardia Nacional, los cuales llegar\u00e1n pr\u00f3ximamente, anunci\u00f3 el presidente Andr\u00e9s Manuel L\u00f3pez Obrador, quien consider\u00f3 que la difusi\u00f3n que se le dio fue con \u201cprop\u00f3sitos propagand\u00edsticos\u201d.<\/p>\n\n\n\n<p>\u201cAyer hubieron algunos robos en Villahermosa y tambi\u00e9n con prop\u00f3sitos propagand\u00edsticos, hubo mucha difusi\u00f3n a esto. Decirle a mis paisanos de que se est\u00e1 hablando con el gobernador, con Carlos Merino, para apoyarlo en todo\u201d, dijo el mandatario en su ma\u00f1anera de este viernes, un d\u00eda despu\u00e9s de que ocurrieran los asaltos masivos.<\/p>\n\n\n\n<p>Agreg\u00f3 que el secretario de la Defensa, Luis Cresencio Sandoval, ya est\u00e1 actuando para reforzar la seguridad en el estado luego de los hechos violentos registrados ayer a comercios de Villahermosa por los cuales ocho personas fueron detenidas.<\/p>\n\n\n\n<p>\u201cSon reacomodos que hay en las bandas y hay mucha difusi\u00f3n porque tambi\u00e9n estamos en temporada de elecciones, pero vamos bien\u201d, puntualiz\u00f3 el jefe del Ejecutivo federal e hizo un llamado a la poblaci\u00f3n de Tabasco, a la cual le pidi\u00f3 estar tranquila, ya que \u201cno va a suceder nada\u201d por que se reforzar\u00e1 la seguridad.<br>La tarde del jueves 4 de enero se registr\u00f3 el asalto masivo a diversos comercios en Villahermosa, Tabasco, por parte de hombres armados que portaban armas largas y pasamonta\u00f1as para evitar ser identificados. Los robos se produjeron de forma coordinada a tiendas de conveniencia como Oxxo, Extra y Elektra en diversas colonias.<\/p>\n\n\n\n<p>Ante los reporteros de los asaltos, elementos de la Guardia Nacional y de Seguridad P\u00fablica desplegaron operativos y retenes para dar con los responsables de estos hechos. Autoridades detuvieron a ocho personas involucradas en estos hechos, a quienes les decomisaron celulares, dinero, motocicletas y droga.<\/p>\n","protected":false},"excerpt":{"rendered":"<p>Tras la ola de asaltos a comercios en Villahermosa, Tabasco, se reforzar\u00e1 la seguridad en el estado con elementos de la Guardia Nacional, los cuales llegar\u00e1n pr\u00f3ximamente, anunci\u00f3 el presidente Andr\u00e9s Manuel L\u00f3pez Obrador, quien consider\u00f3 que la difusi\u00f3n que se le dio fue con \u201cprop\u00f3sitos propagand\u00edsticos\u201d. \u201cAyer hubieron algunos robos en Villahermosa y tambi\u00e9n [&hellip;]<\/p>\n","protected":false},"author":4,"featured_media":39435,"comment_status":"open","ping_status":"open","sticky":false,"template":"","format":"standard","meta":{"om_disable_all_campaigns":false,"_monsterinsights_skip_tracking":false,"_monsterinsights_sitenote_active":false,"_monsterinsights_sitenote_note":"","_monsterinsights_sitenote_category":0,"footnotes":""},"categories":[176,226],"tags":[195],"class_list":["post-39434","post","type-post","status-publish","format-standard","has-post-thumbnail","hentry","category-nacional","category-policia","tag-principal"],"amp_enabled":true,"_links":{"self":[{"href":"https:\/\/lahora.mx\/index.php\/wp-json\/wp\/v2\/posts\/39434","targetHints":{"allow":["GET"]}}],"collection":[{"href":"https:\/\/lahora.mx\/index.php\/wp-json\/wp\/v2\/posts"}],"about":[{"href":"https:\/\/lahora.mx\/index.php\/wp-json\/wp\/v2\/types\/post"}],"author":[{"embeddable":true,"href":"https:\/\/lahora.mx\/index.php\/wp-json\/wp\/v2\/users\/4"}],"replies":[{"embeddable":true,"href":"https:\/\/lahora.mx\/index.php\/wp-json\/wp\/v2\/comments?post=39434"}],"version-history":[{"count":1,"href":"https:\/\/lahora.mx\/index.php\/wp-json\/wp\/v2\/posts\/39434\/revisions"}],"predecessor-version":[{"id":39436,"href":"https:\/\/lahora.mx\/index.php\/wp-json\/wp\/v2\/posts\/39434\/revisions\/39436"}],"wp:featuredmedia":[{"embeddable":true,"href":"https:\/\/lahora.mx\/index.php\/wp-json\/wp\/v2\/media\/39435"}],"wp:attachment":[{"href":"https:\/\/lahora.mx\/index.php\/wp-json\/wp\/v2\/media?parent=39434"}],"wp:term":[{"taxonomy":"category","embeddable":true,"href":"https:\/\/lahora.mx\/index.php\/wp-json\/wp\/v2\/categories?post=39434"},{"taxonomy":"post_tag","embeddable":true,"href":"https:\/\/lahora.mx\/index.php\/wp-json\/wp\/v2\/tags?post=39434"}],"curies":[{"name":"wp","href":"https:\/\/api.w.org\/{rel}","templated":true}]}}