{"id":39419,"date":"2024-01-05T17:32:30","date_gmt":"2024-01-05T17:32:30","guid":{"rendered":"http:\/\/lahora.mx\/?p=39419"},"modified":"2024-01-05T17:32:31","modified_gmt":"2024-01-05T17:32:31","slug":"amlo-aplaude-a-nueva-ministra-lenia-batres","status":"publish","type":"post","link":"https:\/\/lahora.mx\/index.php\/2024\/01\/05\/amlo-aplaude-a-nueva-ministra-lenia-batres\/","title":{"rendered":"AMLO aplaude a nueva ministra Lenia Batres"},"content":{"rendered":"\n<p>El presidente Andr\u00e9s Manuel L\u00f3pez Obrador (AMLO) se mostr\u00f3 optimista e incluso celebr\u00f3 la toma de protesta de Lenia Batres como nueva ministra de la Suprema Corte de Justicia de la Naci\u00f3n (SCJN), afirm\u00f3 que ella \u201cno es de la \u00e9lite\u201d y asegur\u00f3 que la gente ya la llama \u201cla jueza del pueblo\u201d.<\/p>\n\n\n\n<p>\u201cCelebro que ya se haya integrado a la SCJN. Es una mujer con principios e ideales de lucha, incorruptible, verdadera defensora de la justicia\u201d, sentenci\u00f3 AMLO en su conferencia matutina de este 5 de enero sobre Batres, a quien tambi\u00e9n reconoci\u00f3 por no construir su carrera \u201ccomo los de arriba\u201d, pues dijo que \u201csabe lo que pasa en la calle, en las familias, no es de la \u00e9lite. Ya con eso vamos de gane\u201d.<\/p>\n\n\n\n<p>Igualmente mencion\u00f3 que el pueblo la comienza a llamar \u201cla jueza del pueblo\u201d y compar\u00f3 el nombramiento ciudadano de la nueva ministra Lenia Batres con el del caudillo Pancho Villa, a quien el Presidente asegur\u00f3 llamaban \u201cel revolucionario del pueblo\u201d.<\/p>\n\n\n\n<p>\u201cQue el pueblo elija a los jueces\u201d; AMLO pide forma al Poder Judicial<br>Te puede interesar:<\/p>\n\n\n\n<p>Lenia Batres Guadarrama es investida como nueva ministra de la SCJN<\/p>\n\n\n\n<p>flecha derecha<\/p>\n\n\n\n<p>Tras la toma de protesta de Lenia Batres como nueva ministra del SCJN, la abogada emiti\u00f3 un discurso donde mencion\u00f3 que el Poder Judicial se enfoca en temas pol\u00edticos y que la Constituci\u00f3n se subordina a la Corte y no al contrario, como deber\u00eda ser.<\/p>\n\n\n\n<p>\u201cEsta SCJN se ha extralimitado. El car\u00e1cter inimpugnable de sus decisiones la ha llevado a confundir la jerarqu\u00eda de la Constituci\u00f3n con la jerarqu\u00eda de la instancia\u201d, asever\u00f3 en su discurso de inicio de periodo.<\/p>\n\n\n\n<p>Ante ello, L\u00f3pez Obrador se pronunci\u00f3 a favor de Batres y nuevamente asegur\u00f3 que el Poder Judicial necesita una reforma para que se acaben los privilegios que los magistrados se empe\u00f1an en conservar privilegios que violan la constituci\u00f3n, como el hecho de que los magistrados reciban un sueldo superior al del presidente.<\/p>\n\n\n\n<p>\u201cQue el pueblo elija a los jueces, a los magistrados y a los ministros, para que se atienda a la gente. (\u2026) Se requiere una reforma constitucional y si se sigue bloqueando se va a seguir con lo mismo\u201d, dijo AMLO quien en su ma\u00f1anera de este 5 de diciembre celebr\u00f3 el que Lenia Batres sea nueva ministra de la SCJN.<\/p>\n","protected":false},"excerpt":{"rendered":"<p>El presidente Andr\u00e9s Manuel L\u00f3pez Obrador (AMLO) se mostr\u00f3 optimista e incluso celebr\u00f3 la toma de protesta de Lenia Batres como nueva ministra de la Suprema Corte de Justicia de la Naci\u00f3n (SCJN), afirm\u00f3 que ella \u201cno es de la \u00e9lite\u201d y asegur\u00f3 que la gente ya la llama \u201cla jueza del pueblo\u201d. \u201cCelebro que [&hellip;]<\/p>\n","protected":false},"author":4,"featured_media":39420,"comment_status":"open","ping_status":"open","sticky":false,"template":"","format":"standard","meta":{"om_disable_all_campaigns":false,"_monsterinsights_skip_tracking":false,"_monsterinsights_sitenote_active":false,"_monsterinsights_sitenote_note":"","_monsterinsights_sitenote_category":0,"footnotes":""},"categories":[176],"tags":[195,223],"class_list":["post-39419","post","type-post","status-publish","format-standard","has-post-thumbnail","hentry","category-nacional","tag-principal","tag-puebla"],"amp_enabled":true,"_links":{"self":[{"href":"https:\/\/lahora.mx\/index.php\/wp-json\/wp\/v2\/posts\/39419","targetHints":{"allow":["GET"]}}],"collection":[{"href":"https:\/\/lahora.mx\/index.php\/wp-json\/wp\/v2\/posts"}],"about":[{"href":"https:\/\/lahora.mx\/index.php\/wp-json\/wp\/v2\/types\/post"}],"author":[{"embeddable":true,"href":"https:\/\/lahora.mx\/index.php\/wp-json\/wp\/v2\/users\/4"}],"replies":[{"embeddable":true,"href":"https:\/\/lahora.mx\/index.php\/wp-json\/wp\/v2\/comments?post=39419"}],"version-history":[{"count":1,"href":"https:\/\/lahora.mx\/index.php\/wp-json\/wp\/v2\/posts\/39419\/revisions"}],"predecessor-version":[{"id":39421,"href":"https:\/\/lahora.mx\/index.php\/wp-json\/wp\/v2\/posts\/39419\/revisions\/39421"}],"wp:featuredmedia":[{"embeddable":true,"href":"https:\/\/lahora.mx\/index.php\/wp-json\/wp\/v2\/media\/39420"}],"wp:attachment":[{"href":"https:\/\/lahora.mx\/index.php\/wp-json\/wp\/v2\/media?parent=39419"}],"wp:term":[{"taxonomy":"category","embeddable":true,"href":"https:\/\/lahora.mx\/index.php\/wp-json\/wp\/v2\/categories?post=39419"},{"taxonomy":"post_tag","embeddable":true,"href":"https:\/\/lahora.mx\/index.php\/wp-json\/wp\/v2\/tags?post=39419"}],"curies":[{"name":"wp","href":"https:\/\/api.w.org\/{rel}","templated":true}]}}