{"id":39416,"date":"2024-01-04T22:33:43","date_gmt":"2024-01-04T22:33:43","guid":{"rendered":"http:\/\/lahora.mx\/?p=39416"},"modified":"2024-01-04T22:33:43","modified_gmt":"2024-01-04T22:33:43","slug":"sheinbaum-felicita-a-armenta-por-cierre-de-precampana","status":"publish","type":"post","link":"https:\/\/lahora.mx\/index.php\/2024\/01\/04\/sheinbaum-felicita-a-armenta-por-cierre-de-precampana\/","title":{"rendered":"Sheinbaum felicita a Armenta por cierre de precampa\u00f1a"},"content":{"rendered":"\n<p>La Coordinadora Nacional de la 4T, Claudia Sheinbaum Pardo, felicit\u00f3 a Alejandro Armenta por su cierre de precampa\u00f1a y asegur\u00f3 que Puebla tendr\u00e1 un gobernador emanado del movimiento de la Cuarta Transformaci\u00f3n.<\/p>\n\n\n\n<p>A trav\u00e9s de sus redes sociales, la candidata a la presidencia de M\u00e9xico de la alianza Sigamos Haciendo Historia asegur\u00f3 que durante estos 9 d\u00edas de precampa\u00f1a, Armenta Mier realiz\u00f3 un buen trabajo y tuvo cercan\u00eda con la gente.<\/p>\n\n\n\n<p>\u00abQuerido Alejandro, te felicito much\u00edsimo por este gran trabajo que realizaste en esta precampa\u00f1a. Eres nuestro precandidato \u00fanico a la gubernatura de Puebla y s\u00e9 que muy pronto Puebla va a tener un gobernador de nuestro movimiento. \u00a1Muchas felicidades!\u00bb, apunt\u00f3 la morenista.<\/p>\n\n\n\n<p>Por otra parte, afirm\u00f3 que a\u00fan se espera la carga de trabajo m\u00e1s importante durante los meses de marzo y mayo, pero que \u00e9l se encuentra capacitado para poder realizar un buen recorrido con la gente de Puebla.<\/p>\n","protected":false},"excerpt":{"rendered":"<p>La Coordinadora Nacional de la 4T, Claudia Sheinbaum Pardo, felicit\u00f3 a Alejandro Armenta por su cierre de precampa\u00f1a y asegur\u00f3 que Puebla tendr\u00e1 un gobernador emanado del movimiento de la Cuarta Transformaci\u00f3n. A trav\u00e9s de sus redes sociales, la candidata a la presidencia de M\u00e9xico de la alianza Sigamos Haciendo Historia asegur\u00f3 que durante estos [&hellip;]<\/p>\n","protected":false},"author":4,"featured_media":39417,"comment_status":"open","ping_status":"open","sticky":false,"template":"","format":"standard","meta":{"om_disable_all_campaigns":false,"_monsterinsights_skip_tracking":false,"_monsterinsights_sitenote_active":false,"_monsterinsights_sitenote_note":"","_monsterinsights_sitenote_category":0,"footnotes":""},"categories":[176],"tags":[128],"class_list":["post-39416","post","type-post","status-publish","format-standard","has-post-thumbnail","hentry","category-nacional","tag-politics"],"amp_enabled":true,"_links":{"self":[{"href":"https:\/\/lahora.mx\/index.php\/wp-json\/wp\/v2\/posts\/39416","targetHints":{"allow":["GET"]}}],"collection":[{"href":"https:\/\/lahora.mx\/index.php\/wp-json\/wp\/v2\/posts"}],"about":[{"href":"https:\/\/lahora.mx\/index.php\/wp-json\/wp\/v2\/types\/post"}],"author":[{"embeddable":true,"href":"https:\/\/lahora.mx\/index.php\/wp-json\/wp\/v2\/users\/4"}],"replies":[{"embeddable":true,"href":"https:\/\/lahora.mx\/index.php\/wp-json\/wp\/v2\/comments?post=39416"}],"version-history":[{"count":1,"href":"https:\/\/lahora.mx\/index.php\/wp-json\/wp\/v2\/posts\/39416\/revisions"}],"predecessor-version":[{"id":39418,"href":"https:\/\/lahora.mx\/index.php\/wp-json\/wp\/v2\/posts\/39416\/revisions\/39418"}],"wp:featuredmedia":[{"embeddable":true,"href":"https:\/\/lahora.mx\/index.php\/wp-json\/wp\/v2\/media\/39417"}],"wp:attachment":[{"href":"https:\/\/lahora.mx\/index.php\/wp-json\/wp\/v2\/media?parent=39416"}],"wp:term":[{"taxonomy":"category","embeddable":true,"href":"https:\/\/lahora.mx\/index.php\/wp-json\/wp\/v2\/categories?post=39416"},{"taxonomy":"post_tag","embeddable":true,"href":"https:\/\/lahora.mx\/index.php\/wp-json\/wp\/v2\/tags?post=39416"}],"curies":[{"name":"wp","href":"https:\/\/api.w.org\/{rel}","templated":true}]}}