{"id":39399,"date":"2024-01-04T16:09:27","date_gmt":"2024-01-04T16:09:27","guid":{"rendered":"http:\/\/lahora.mx\/?p=39399"},"modified":"2024-01-04T16:09:27","modified_gmt":"2024-01-04T16:09:27","slug":"sacare-a-morena-para-que-entre-la-democracia-eduardo-rivera-en-cierre-de-precampana","status":"publish","type":"post","link":"https:\/\/lahora.mx\/index.php\/2024\/01\/04\/sacare-a-morena-para-que-entre-la-democracia-eduardo-rivera-en-cierre-de-precampana\/","title":{"rendered":"Sacar\u00e9 a Morena para que entre la democracia: Eduardo Rivera en cierre de precampa\u00f1a"},"content":{"rendered":"\n<p>\u00ab\u00a1Fuera Morena! (\u2026) Me encargar\u00e9 de abrir ese camino, para que entre la democracia, que entre un mejor servicio de salud de calidad, de seguridad y paz en Puebla. \u00a1Hasta la victoria Puebla!\u00bb, fue la promesa que Eduardo Rivera P\u00e9rez lanz\u00f3 esta noche en su cierre de precampa\u00f1a.<\/p>\n\n\n\n<p>En el evento, el precandidato a la gubernatura de Puebla de la coalici\u00f3n Mejor Rumbo para Puebla (PAN-PRI-PRD-PSI) present\u00f3 parte de las acciones que realiz\u00f3 durante su paso en el Ayuntamiento de Puebla ante unas dos mil personas, en la junta auxiliar Ignacio Romero Vargas.<\/p>\n\n\n\n<p>Rivera P\u00e9rez tambi\u00e9n aprovech\u00f3 el escenario para promocionar el trabajo legislativo del precandidato a la presidencia municipal, Mario Riestra Pi\u00f1a, y recordar que, una vez que ganen la elecci\u00f3n del 2 de junio, trabajar\u00e1 de la mano con la futura presidenta de oposici\u00f3n, X\u00f3chitl G\u00e1lvez Ruiz.<\/p>\n\n\n\n<p>\u00abX\u00f3chitl cuando seas presidenta me vas a apoyar con un chingo de recursos, para el estado de Puebla, para el municipio de Puebla y para todas sus regiones (\u2026) Amigos y amigas viene mejor rumbo para Puebla, un mejor camino\u00bb, coment\u00f3 el exalcalde Rivera P\u00e9rez.<\/p>\n\n\n\n<p>Tambi\u00e9n agradeci\u00f3 la presencia y el respaldo de las dirigencias y militancias de los partidos que lo impulsan, en especial de Acci\u00f3n Nacional (PAN), al asegurar que era el perfil mejor posicionado del partido, algo que poco despu\u00e9s confirm\u00f2 el dirigente federal del blanquiazul, Marko Cort\u00e9s Mendoza.<\/p>\n\n\n\n<p>Llam\u00f3 a sus simpatizantes a continuar los trabajos de promoci\u00f3n hacia su imagen en redes sociales y espacios p\u00fablicos, una vez que comience la campa\u00f1a electoral \u00abpara pintar bardas y llamar a m\u00e1s personas a sumarse a su proyecto\u00bb.<\/p>\n\n\n\n<p>Al tomar la palabra, Mario Riestra Pi\u00f1a resalt\u00f3 que el PAN ha dado muestra de buenos gobiernos, por lo que pidi\u00f3 el apoyo de las militancias del Revolucionario Institucional (PRI), del Partido de la Revoluci\u00f3n Democr\u00e1tica (PRD) y del partido Pacto Social de Integraci\u00f3n (PSI) para lograr que Morena pierda en la pr\u00f3xima jornada electoral.<\/p>\n\n\n\n<p>En tanto, X\u00f3chitl G\u00e1lvez Ruiz record\u00f3 que el proyecto pol\u00edtico electoral que se ha construido desde la oposici\u00f3n mantendr\u00e1 los programas sociales que han funcionado y cambiar\u00e1n las estrategias del Gobierno Federal que han fracasado, en especial en atenci\u00f3n de salud y seguridad, y que uno de los primeros estados que notar\u00edan una mejora considerable ser\u00e1 Puebla.<\/p>\n\n\n\n<p>Los asistentes se deshicieron en aplausos para los tres suspirantes al poder en 2024, quienes entre pancartas con la leyenda \u00abA\u00f1o Nuevo, Rumbo Nuevo\u00bb, \u00abLalo gobernador\u00bb, \u00abX\u00f3chitl va\u00bb y \u00abRiesta estamos contigo\u00bb, respaldaron sus aspiraciones pol\u00edticas.<\/p>\n\n\n\n<p>Al evento acudieron el dirigente nacional del PAN, Marko Cort\u00e9s Mendoza; y los l\u00edderes estatales del PAN, Augusta Valentina D\u00edaz de Rivera Hern\u00e1ndez; del PRI, N\u00e9stor Camarillo Medina; del PRD, Carlos Mart\u00ednez Amador y del PSI, Carlos Navarro Corro.<\/p>\n\n\n\n<p>La senadora priista Nadia Navarro Acevedo; el exgobernador del tricolor, Melquiades Morales Flores, quien prefiri\u00f3 apoyar al panista antes que a su hijo, el tambi\u00e9n aspirante a la gubernatura por Movimiento Ciudadano (MC), Fernando Morales Mart\u00ednez.<\/p>\n\n\n\n<p>Los diputados federales Ana Teresa Aranda Orozco y Humberto Aguilar Coronado; as\u00ed como los legisladores locales Karla Rodr\u00edguez Palacios, Lizette Minto Garc\u00eda, y Oswaldo Jim\u00e9nez L\u00f3pez.<\/p>\n","protected":false},"excerpt":{"rendered":"<p>\u00ab\u00a1Fuera Morena! (\u2026) Me encargar\u00e9 de abrir ese camino, para que entre la democracia, que entre un mejor servicio de salud de calidad, de seguridad y paz en Puebla. \u00a1Hasta la victoria Puebla!\u00bb, fue la promesa que Eduardo Rivera P\u00e9rez lanz\u00f3 esta noche en su cierre de precampa\u00f1a. En el evento, el precandidato a la [&hellip;]<\/p>\n","protected":false},"author":4,"featured_media":39400,"comment_status":"open","ping_status":"open","sticky":false,"template":"","format":"standard","meta":{"om_disable_all_campaigns":false,"_monsterinsights_skip_tracking":false,"_monsterinsights_sitenote_active":false,"_monsterinsights_sitenote_note":"","_monsterinsights_sitenote_category":0,"footnotes":""},"categories":[175],"tags":[223],"class_list":["post-39399","post","type-post","status-publish","format-standard","has-post-thumbnail","hentry","category-local","tag-puebla"],"amp_enabled":true,"_links":{"self":[{"href":"https:\/\/lahora.mx\/index.php\/wp-json\/wp\/v2\/posts\/39399","targetHints":{"allow":["GET"]}}],"collection":[{"href":"https:\/\/lahora.mx\/index.php\/wp-json\/wp\/v2\/posts"}],"about":[{"href":"https:\/\/lahora.mx\/index.php\/wp-json\/wp\/v2\/types\/post"}],"author":[{"embeddable":true,"href":"https:\/\/lahora.mx\/index.php\/wp-json\/wp\/v2\/users\/4"}],"replies":[{"embeddable":true,"href":"https:\/\/lahora.mx\/index.php\/wp-json\/wp\/v2\/comments?post=39399"}],"version-history":[{"count":1,"href":"https:\/\/lahora.mx\/index.php\/wp-json\/wp\/v2\/posts\/39399\/revisions"}],"predecessor-version":[{"id":39401,"href":"https:\/\/lahora.mx\/index.php\/wp-json\/wp\/v2\/posts\/39399\/revisions\/39401"}],"wp:featuredmedia":[{"embeddable":true,"href":"https:\/\/lahora.mx\/index.php\/wp-json\/wp\/v2\/media\/39400"}],"wp:attachment":[{"href":"https:\/\/lahora.mx\/index.php\/wp-json\/wp\/v2\/media?parent=39399"}],"wp:term":[{"taxonomy":"category","embeddable":true,"href":"https:\/\/lahora.mx\/index.php\/wp-json\/wp\/v2\/categories?post=39399"},{"taxonomy":"post_tag","embeddable":true,"href":"https:\/\/lahora.mx\/index.php\/wp-json\/wp\/v2\/tags?post=39399"}],"curies":[{"name":"wp","href":"https:\/\/api.w.org\/{rel}","templated":true}]}}