{"id":39396,"date":"2024-01-04T16:03:25","date_gmt":"2024-01-04T16:03:25","guid":{"rendered":"http:\/\/lahora.mx\/?p=39396"},"modified":"2024-01-04T16:03:26","modified_gmt":"2024-01-04T16:03:26","slug":"alejandro-armenta-cierra-precampana-en-ciudad-modelo","status":"publish","type":"post","link":"https:\/\/lahora.mx\/index.php\/2024\/01\/04\/alejandro-armenta-cierra-precampana-en-ciudad-modelo\/","title":{"rendered":"Alejandro Armenta cierra precampa\u00f1a en Ciudad Modelo"},"content":{"rendered":"\n<p>Ciudad Modelo deber\u00e1 ser el gran centro de innovaci\u00f3n tecnol\u00f3gica de Puebla, donde se impulse el desarrollo de las micro empresas, se\u00f1al\u00f3 Alejandro Armenta al cerrar su precampa\u00f1a en el municipio de San Jos\u00e9 Chiapa.<\/p>\n\n\n\n<p>Durante el Cuarto Foro de precampa\u00f1a, este dedicado al tema educativo, el precandidato de la mega coalici\u00f3n Morena, PT, Verde, Fuerza por M\u00e9xico, y Nueva Alianza, indico que Ciudad Modelo no puede ser un elefante blanco reum\u00e1tico, y debe transformarse con el respaldo de la pr\u00f3xima presidenta Claudia Sheibaum.<\/p>\n\n\n\n<p>Expres\u00f3 que los cerca de mil millones de pesos que se pagan por la obra no pueden ser para las grandes empresas, sino generar la tecnolog\u00eda que favorezca el desarrollo de las empresas locales.<\/p>\n\n\n\n<p>Record\u00f3 que en su anhelo, expresado el 25 de diciembre, se incluye a la innovacio\u0301n tecnolo\u0301gica y la ciencia de frontera, como una pol\u00edtica educativa ambiciosa.<\/p>\n\n\n\n<p>Impulsar la creaci\u00f3n de centros de investigaci\u00f3n de vanguardia que faciliten la incorporaci\u00f3n de Puebla y el pa\u00eds a las nuevas tecnolog\u00edas, tales como la inform\u00e1tica y redes complejas; inteligencia artificial y robo\u0301tica; energi\u0301a solar y fuentes alternativas; nanotecnolog\u00eda y nanociencia; biotecnolog\u00eda y salud, dijo el precandidato.<\/p>\n\n\n\n<p>Precis\u00f3 que en gran parte, ser\u00e1 responsabilidad del Estado generar tres c\u00edrculos virtuosos en direcci\u00f3n paralela para evitar brechas y, por el contrario, generar continuidad, adaptaci\u00f3n y cambios constantes.<\/p>\n\n\n\n<p>En primer t\u00e9rmino, se\u00f1al\u00f3 que hay que ayudar a preservar las inercias de innovaci\u00f3n, investigaci\u00f3n cient\u00edfica y de asimilaci\u00f3n y cambio tecnol\u00f3gico en los circuitos tradicionales (universidades y tecnol\u00f3gicos).<\/p>\n\n\n\n<p>Asimismo, reservar las inercias de innovaci\u00f3n, investigaci\u00f3n cient\u00edfica y de asimilaci\u00f3n y cambio tecnol\u00f3gico en los circuitos tradicionales (universidades y tecnol\u00f3gicos estatales, centros de investigaci\u00f3n, centros de innovaci\u00f3n privados, industria pesada), coadyuvando a los esfuerzos de preservaci\u00f3n y crecimiento de los indicadores habituales de gesti\u00f3n en ciencia y tecnolog\u00eda.<\/p>\n\n\n\n<p>\u00abVamos a convertir a Puebla en el centro del conocimiento y la innovaci\u00f3n tecnol\u00f3gica de M\u00e9xico\u00bb.<\/p>\n\n\n\n<p>Insisti\u00f3 que, para ello, es importante continuar apoyando a las instituciones p\u00fablicas con cobertura estatal para llevar a cabo investigaciones localizadas en cada una de las 32 regiones del estado, adem\u00e1s de la ampliaci\u00f3n (con perspectiva geogr\u00e1fica) de la oferta educativa para la formaci\u00f3n de cuadros especializados en las diversas l\u00edneas de investigaci\u00f3n en el estado de Puebla.<\/p>\n\n\n\n<p>En un segundo t\u00e9rmino, se debe incentivar como actores proactivos de la innovaci\u00f3n, la asimilaci\u00f3n, el cambio tecnol\u00f3gico y la investigaci\u00f3n, a los circuitos no tradicionales, como las PyMES, la sociedad civil, y el aparato productivo convencional de las 32 regiones de Puebla.<\/p>\n\n\n\n<p>\u00abEn Puebla no se han cerrado ciclos. Proyectos como Angel\u00f3polis o esta Ciudad Modelo le han costado miles de millones de pesos a los poblanos. Convirtamos este reum\u00e1tico elefante blanco en el \u00e1guila de la cuarta transformaci\u00f3n\u00bb, expres\u00f3.<\/p>\n","protected":false},"excerpt":{"rendered":"<p>Ciudad Modelo deber\u00e1 ser el gran centro de innovaci\u00f3n tecnol\u00f3gica de Puebla, donde se impulse el desarrollo de las micro empresas, se\u00f1al\u00f3 Alejandro Armenta al cerrar su precampa\u00f1a en el municipio de San Jos\u00e9 Chiapa. Durante el Cuarto Foro de precampa\u00f1a, este dedicado al tema educativo, el precandidato de la mega coalici\u00f3n Morena, PT, Verde, [&hellip;]<\/p>\n","protected":false},"author":4,"featured_media":39397,"comment_status":"open","ping_status":"open","sticky":false,"template":"","format":"standard","meta":{"om_disable_all_campaigns":false,"_monsterinsights_skip_tracking":false,"_monsterinsights_sitenote_active":false,"_monsterinsights_sitenote_note":"","_monsterinsights_sitenote_category":0,"footnotes":""},"categories":[175],"tags":[195,223],"class_list":["post-39396","post","type-post","status-publish","format-standard","has-post-thumbnail","hentry","category-local","tag-principal","tag-puebla"],"amp_enabled":true,"_links":{"self":[{"href":"https:\/\/lahora.mx\/index.php\/wp-json\/wp\/v2\/posts\/39396","targetHints":{"allow":["GET"]}}],"collection":[{"href":"https:\/\/lahora.mx\/index.php\/wp-json\/wp\/v2\/posts"}],"about":[{"href":"https:\/\/lahora.mx\/index.php\/wp-json\/wp\/v2\/types\/post"}],"author":[{"embeddable":true,"href":"https:\/\/lahora.mx\/index.php\/wp-json\/wp\/v2\/users\/4"}],"replies":[{"embeddable":true,"href":"https:\/\/lahora.mx\/index.php\/wp-json\/wp\/v2\/comments?post=39396"}],"version-history":[{"count":1,"href":"https:\/\/lahora.mx\/index.php\/wp-json\/wp\/v2\/posts\/39396\/revisions"}],"predecessor-version":[{"id":39398,"href":"https:\/\/lahora.mx\/index.php\/wp-json\/wp\/v2\/posts\/39396\/revisions\/39398"}],"wp:featuredmedia":[{"embeddable":true,"href":"https:\/\/lahora.mx\/index.php\/wp-json\/wp\/v2\/media\/39397"}],"wp:attachment":[{"href":"https:\/\/lahora.mx\/index.php\/wp-json\/wp\/v2\/media?parent=39396"}],"wp:term":[{"taxonomy":"category","embeddable":true,"href":"https:\/\/lahora.mx\/index.php\/wp-json\/wp\/v2\/categories?post=39396"},{"taxonomy":"post_tag","embeddable":true,"href":"https:\/\/lahora.mx\/index.php\/wp-json\/wp\/v2\/tags?post=39396"}],"curies":[{"name":"wp","href":"https:\/\/api.w.org\/{rel}","templated":true}]}}