{"id":39385,"date":"2024-01-03T22:18:15","date_gmt":"2024-01-03T22:18:15","guid":{"rendered":"http:\/\/lahora.mx\/?p=39385"},"modified":"2024-01-03T22:18:15","modified_gmt":"2024-01-03T22:18:15","slug":"sergio-salomon-confirma-visita-de-amlo-a-puebla-el-proximo-6-de-enero","status":"publish","type":"post","link":"https:\/\/lahora.mx\/index.php\/2024\/01\/03\/sergio-salomon-confirma-visita-de-amlo-a-puebla-el-proximo-6-de-enero\/","title":{"rendered":"Sergio Salom\u00f3n confirma visita de AMLO a Puebla el pr\u00f3ximo 6 de enero"},"content":{"rendered":"\n<p>El gobernador de Puebla Sergio Salom\u00f3n C\u00e9spedes Peregrina confirm\u00f3 la visita al estado del presidente Andr\u00e9s Manuel L\u00f3pez Obrador, quien estar\u00e1 en el municipio de Tepeaca el pr\u00f3ximo 6 de enero.<\/p>\n\n\n\n<p>A trav\u00e9s de sus redes sociales, C\u00e9spedes Peregrina comparti\u00f3 un video acompa\u00f1do del mensaje \u201cac\u00e1 lo recibimos con mucho gusto, presidente L\u00f3pez Obrador, #Puebla es su casa\u201d, confirmando la llegada de AMLO a Puebla la tarde del pr\u00f3ximo s\u00e1bado.<\/p>\n\n\n\n<p>El presidente llegar\u00e1 a Puebla el pr\u00f3ximo s\u00e1bado 6 de enero por la tarde para evaluar los Programas del Bienestar que se entregan en la regi\u00f3n, en un fin de semana que tambi\u00e9n visitar\u00e1 el Estado de M\u00e9xico y Veracruz.<\/p>\n\n\n\n<p>Ser\u00e1 en Tepeaca donde el titular del Ejecutivo federal lleve a cabo su primera visita al estado poblano en 2024, en donde tambi\u00e9n pasar\u00e1 la noche para luego seguir su camino rumbo a R\u00edo Blanco, Veracruz, donde culminar\u00e1 sus evaluaciones a los programas asistenciales.<\/p>\n\n\n\n<p>El presidente L\u00f3pez Obrador anunci\u00f3, en su conferencia matutina de prensa llevada a cabo el d\u00eda de ayer 2 de enero desde Tabasco, que se presentar\u00e1 en los tres estados de la rep\u00fablica durante su regreso a Palacio Nacional tras su estancia en la entidad sure\u00f1a por los festejos de a\u00f1o nuevo.<\/p>\n\n\n\n<p>\u201cViernes, s\u00e1bado voy a estar en el Estado de M\u00e9xico y el domingo en Veracruz, voy a pasar tambi\u00e9n a Puebla\u201d, afirmando que el primer d\u00eda y parte del segundo se quedar\u00e1 en M\u00e9xico, la tarde del s\u00e1bado se transportar\u00e1 a Puebla para dormir aqu\u00ed y la ma\u00f1ana siguiente se dirigir\u00e1 a Veracruz.<\/p>\n\n\n\n<p>En diciembre del a\u00f1o pasado, a pesar de la petici\u00f3n del gobernador Sergio Salom\u00f3n C\u00e9spedes Peregrina, el presidente L\u00f3pez Obrador no asisti\u00f3 a su primer informe de gobierno; sin embargo, el titular del Ejecutivo federal asegur\u00f3 que visitar\u00eda la entidad lo antes posible.<\/p>\n\n\n\n<p>Mencion\u00f3 tambi\u00e9n que con su llegada a Puebla dialogar\u00eda con el gobernador C\u00e9spedes para conocer los avances y detalles de las obras que se llevan a cabo en el estado, como el nuevo hospital de San Alejandro, la l\u00ednea metropolitana del perif\u00e9rico ecol\u00f3gico y la nueva central camionera, entre otros.<\/p>\n","protected":false},"excerpt":{"rendered":"<p>El gobernador de Puebla Sergio Salom\u00f3n C\u00e9spedes Peregrina confirm\u00f3 la visita al estado del presidente Andr\u00e9s Manuel L\u00f3pez Obrador, quien estar\u00e1 en el municipio de Tepeaca el pr\u00f3ximo 6 de enero. A trav\u00e9s de sus redes sociales, C\u00e9spedes Peregrina comparti\u00f3 un video acompa\u00f1do del mensaje \u201cac\u00e1 lo recibimos con mucho gusto, presidente L\u00f3pez Obrador, #Puebla [&hellip;]<\/p>\n","protected":false},"author":4,"featured_media":39386,"comment_status":"open","ping_status":"open","sticky":false,"template":"","format":"standard","meta":{"om_disable_all_campaigns":false,"_monsterinsights_skip_tracking":false,"_monsterinsights_sitenote_active":false,"_monsterinsights_sitenote_note":"","_monsterinsights_sitenote_category":0,"footnotes":""},"categories":[176],"tags":[223],"class_list":["post-39385","post","type-post","status-publish","format-standard","has-post-thumbnail","hentry","category-nacional","tag-puebla"],"amp_enabled":true,"_links":{"self":[{"href":"https:\/\/lahora.mx\/index.php\/wp-json\/wp\/v2\/posts\/39385","targetHints":{"allow":["GET"]}}],"collection":[{"href":"https:\/\/lahora.mx\/index.php\/wp-json\/wp\/v2\/posts"}],"about":[{"href":"https:\/\/lahora.mx\/index.php\/wp-json\/wp\/v2\/types\/post"}],"author":[{"embeddable":true,"href":"https:\/\/lahora.mx\/index.php\/wp-json\/wp\/v2\/users\/4"}],"replies":[{"embeddable":true,"href":"https:\/\/lahora.mx\/index.php\/wp-json\/wp\/v2\/comments?post=39385"}],"version-history":[{"count":1,"href":"https:\/\/lahora.mx\/index.php\/wp-json\/wp\/v2\/posts\/39385\/revisions"}],"predecessor-version":[{"id":39387,"href":"https:\/\/lahora.mx\/index.php\/wp-json\/wp\/v2\/posts\/39385\/revisions\/39387"}],"wp:featuredmedia":[{"embeddable":true,"href":"https:\/\/lahora.mx\/index.php\/wp-json\/wp\/v2\/media\/39386"}],"wp:attachment":[{"href":"https:\/\/lahora.mx\/index.php\/wp-json\/wp\/v2\/media?parent=39385"}],"wp:term":[{"taxonomy":"category","embeddable":true,"href":"https:\/\/lahora.mx\/index.php\/wp-json\/wp\/v2\/categories?post=39385"},{"taxonomy":"post_tag","embeddable":true,"href":"https:\/\/lahora.mx\/index.php\/wp-json\/wp\/v2\/tags?post=39385"}],"curies":[{"name":"wp","href":"https:\/\/api.w.org\/{rel}","templated":true}]}}