{"id":39379,"date":"2024-01-03T22:03:28","date_gmt":"2024-01-03T22:03:28","guid":{"rendered":"http:\/\/lahora.mx\/?p=39379"},"modified":"2024-01-03T22:03:28","modified_gmt":"2024-01-03T22:03:28","slug":"rosca-de-reyes-subira-de-precio-en-puebla-por-aumento-de-insumos","status":"publish","type":"post","link":"https:\/\/lahora.mx\/index.php\/2024\/01\/03\/rosca-de-reyes-subira-de-precio-en-puebla-por-aumento-de-insumos\/","title":{"rendered":"Rosca de reyes subir\u00e1 de precio en Puebla por aumento de insumos"},"content":{"rendered":"\n<p>La Rosca de Reyes subir\u00e1 de precio en Puebla este a\u00f1o debido a un aumento en el costo de los insumos, por lo que alcanzar\u00e1n precios de hasta los 450 pesos en su tama\u00f1o jumbo, as\u00ed lo dio a conocer el presidente de la Uni\u00f3n de peque\u00f1os y medianos industriales del pan en Puebla A. C (UPMIPAN), Juan P\u00e9rez Mart\u00ednez.<\/p>\n\n\n\n<p>El presidente de la UPMIPAN se\u00f1alo\u0301 durante conferencia de prensa para anunciar la Feria de la Rosca, que este a\u00f1o el precio de las roscas tuvo un ajuste al alza del 10 al 15 por ciento, debido principalmente a los aumentos que presentaron el huevo, az\u00facar y harina.<\/p>\n\n\n\n<p>Con los ajustes, los precios quedaron de la siguiente manera: 60 pesos la minirosca, 150 pesos la chica, 230 la mediana, 350 la grande y 450 la jumbo; mientras que las rellenas tendr\u00e1n un costo desde los 100 hasta los 550 pesos.<\/p>\n\n\n\n<p>Estos incrementos representaron hasta 9 pesos m\u00e1s en el precio de la rosca mini, de 52 pesos m\u00e1s para la rosca grande y de hasta m\u00e1s de 67 pesos para la rosca de tama\u00f1o jumbo tradicional y de hasta 82 pesos para una rosca rellena.<\/p>\n\n\n\n<p>Cabe recordar que a finales de a\u00f1o el precio del az\u00facar tuvo un incremento\u0301 un 67 por ciento, pues el bulto de 50 kilos alcanzo\u0301 un precio de mil 500 luego de que su precio se mantuviera en 900 pesos, as\u00ed\u0301 lo se\u00f1alo\u0301 Juan P\u00e9rez.<\/p>\n\n\n\n<p>En este sentido, el representante de los panaderos lamento\u0301 que ya no se realizan anuncios al respecto del incremento de los precios con antelaci\u00f3n, pues de este modo los panaderos pod\u00edan abastecerse de manera anticipada; sino que ahora los anuncios se realizan de manera s\u00fabita, de manera que no puedan hacerse de un stock.<\/p>\n\n\n\n<p>La Feria de la Rosca en Puebla se llevar\u00e1 a cabo en el Parque del Carmen de 9:00 a 21:00 horas del 4 al 8 de enero, y participar\u00e1n por lo menos 14 panader\u00edas, quienes prev\u00e9n la venta de por lo menos 16 mil piezas, as\u00ed lo dio a conocer Juan P\u00e9rez en rueda de prensa.<\/p>\n","protected":false},"excerpt":{"rendered":"<p>La Rosca de Reyes subir\u00e1 de precio en Puebla este a\u00f1o debido a un aumento en el costo de los insumos, por lo que alcanzar\u00e1n precios de hasta los 450 pesos en su tama\u00f1o jumbo, as\u00ed lo dio a conocer el presidente de la Uni\u00f3n de peque\u00f1os y medianos industriales del pan en Puebla A. [&hellip;]<\/p>\n","protected":false},"author":4,"featured_media":39380,"comment_status":"open","ping_status":"open","sticky":false,"template":"","format":"standard","meta":{"om_disable_all_campaigns":false,"_monsterinsights_skip_tracking":false,"_monsterinsights_sitenote_active":false,"_monsterinsights_sitenote_note":"","_monsterinsights_sitenote_category":0,"footnotes":""},"categories":[175],"tags":[223],"class_list":["post-39379","post","type-post","status-publish","format-standard","has-post-thumbnail","hentry","category-local","tag-puebla"],"amp_enabled":true,"_links":{"self":[{"href":"https:\/\/lahora.mx\/index.php\/wp-json\/wp\/v2\/posts\/39379","targetHints":{"allow":["GET"]}}],"collection":[{"href":"https:\/\/lahora.mx\/index.php\/wp-json\/wp\/v2\/posts"}],"about":[{"href":"https:\/\/lahora.mx\/index.php\/wp-json\/wp\/v2\/types\/post"}],"author":[{"embeddable":true,"href":"https:\/\/lahora.mx\/index.php\/wp-json\/wp\/v2\/users\/4"}],"replies":[{"embeddable":true,"href":"https:\/\/lahora.mx\/index.php\/wp-json\/wp\/v2\/comments?post=39379"}],"version-history":[{"count":1,"href":"https:\/\/lahora.mx\/index.php\/wp-json\/wp\/v2\/posts\/39379\/revisions"}],"predecessor-version":[{"id":39381,"href":"https:\/\/lahora.mx\/index.php\/wp-json\/wp\/v2\/posts\/39379\/revisions\/39381"}],"wp:featuredmedia":[{"embeddable":true,"href":"https:\/\/lahora.mx\/index.php\/wp-json\/wp\/v2\/media\/39380"}],"wp:attachment":[{"href":"https:\/\/lahora.mx\/index.php\/wp-json\/wp\/v2\/media?parent=39379"}],"wp:term":[{"taxonomy":"category","embeddable":true,"href":"https:\/\/lahora.mx\/index.php\/wp-json\/wp\/v2\/categories?post=39379"},{"taxonomy":"post_tag","embeddable":true,"href":"https:\/\/lahora.mx\/index.php\/wp-json\/wp\/v2\/tags?post=39379"}],"curies":[{"name":"wp","href":"https:\/\/api.w.org\/{rel}","templated":true}]}}