{"id":39376,"date":"2024-01-03T21:46:25","date_gmt":"2024-01-03T21:46:25","guid":{"rendered":"http:\/\/lahora.mx\/?p=39376"},"modified":"2024-01-03T21:46:26","modified_gmt":"2024-01-03T21:46:26","slug":"eduardo-rivera-no-dejare-de-trabajar-por-recuperar-a-puebla","status":"publish","type":"post","link":"https:\/\/lahora.mx\/index.php\/2024\/01\/03\/eduardo-rivera-no-dejare-de-trabajar-por-recuperar-a-puebla\/","title":{"rendered":"Eduardo Rivera: no dejar\u00e9 de trabajar por recuperar a Puebla"},"content":{"rendered":"\n<p>El precandidato a la gubernatura por la alianza \u00abMejor Rumbo para Puebla\u00bb, Eduardo Rivera, asegur\u00f3 que es necesario recuperar los espacios p\u00fablicos de la entidad, tal y como ocurri\u00f3 en Puebla capital.<\/p>\n\n\n\n<p>Durante una carrera matutina realizada en el Parque de La Huizachera del municipio de Tehuac\u00e1n, y acompa\u00f1ado de un grupo de corredores, record\u00f3 que en la capital, logr\u00f3 rehabilitar m\u00e1s de 100 parques.<\/p>\n\n\n\n<p>En su recorrido, record\u00f3 que este 3 de enero ser\u00e1 su cierre de precampa\u00f1a, acompa\u00f1ado por con la precandidata a la Presidencia de M\u00e9xico, X\u00f3chitl G\u00e1lvez y con el precandidato a la alcald\u00eda de Puebla, Mario Riestra en la explanada de la Romero Vargas a las 17:00 horas.<\/p>\n\n\n\n<p>El aspirante a gobernador de Puebla, precis\u00f3 que al interior de la entidad es necesario recuperar los espacios p\u00fablicos.<\/p>\n\n\n\n<p>\u00abRecomiendan aqu\u00ed los amigos mantenimiento a este parque, un espacio limpio, pero ahora es un elefante blanco, se necesitan recuperar los espacios p\u00fablicos, como hicimos en Puebla capital recuperamos m\u00e1s de 100 espacios rehabilitados integralmente, que es lo que necesita tambi\u00e9n en nuestro hermoso estado de Puebla\u00bb.<\/p>\n\n\n\n<p>En el transcurso de la carrera, Eduardo Rivera asegur\u00f3 que suman ya 4 kil\u00f3metros recorridos, pero no cesar\u00e1n hasta culminar la meta.<\/p>\n\n\n\n<p>Despu\u00e9s de su carrera matutina, asistir\u00e1 unas entrevistas radiof\u00f3nicas en territorio local, luego ir\u00e1 a San Mart\u00edn Texmelucan, donde tambi\u00e9n tendr\u00e1 una serie de entrevistas y cerrar\u00e1 la precampa\u00f1a en la Romero Vargas.<\/p>\n\n\n\n<p>En el recorrido, sus compa\u00f1eros aseguranron que Rivera P\u00e9rez ser\u00e1 el pr\u00f3ximo gobernador de Puebla que rescatar\u00e1n a Tehuac\u00e1n y los 216 municipios de la entidad.<\/p>\n","protected":false},"excerpt":{"rendered":"<p>El precandidato a la gubernatura por la alianza \u00abMejor Rumbo para Puebla\u00bb, Eduardo Rivera, asegur\u00f3 que es necesario recuperar los espacios p\u00fablicos de la entidad, tal y como ocurri\u00f3 en Puebla capital. Durante una carrera matutina realizada en el Parque de La Huizachera del municipio de Tehuac\u00e1n, y acompa\u00f1ado de un grupo de corredores, record\u00f3 [&hellip;]<\/p>\n","protected":false},"author":4,"featured_media":39377,"comment_status":"open","ping_status":"open","sticky":false,"template":"","format":"standard","meta":{"om_disable_all_campaigns":false,"_monsterinsights_skip_tracking":false,"_monsterinsights_sitenote_active":false,"_monsterinsights_sitenote_note":"","_monsterinsights_sitenote_category":0,"footnotes":""},"categories":[175],"tags":[223],"class_list":["post-39376","post","type-post","status-publish","format-standard","has-post-thumbnail","hentry","category-local","tag-puebla"],"amp_enabled":true,"_links":{"self":[{"href":"https:\/\/lahora.mx\/index.php\/wp-json\/wp\/v2\/posts\/39376","targetHints":{"allow":["GET"]}}],"collection":[{"href":"https:\/\/lahora.mx\/index.php\/wp-json\/wp\/v2\/posts"}],"about":[{"href":"https:\/\/lahora.mx\/index.php\/wp-json\/wp\/v2\/types\/post"}],"author":[{"embeddable":true,"href":"https:\/\/lahora.mx\/index.php\/wp-json\/wp\/v2\/users\/4"}],"replies":[{"embeddable":true,"href":"https:\/\/lahora.mx\/index.php\/wp-json\/wp\/v2\/comments?post=39376"}],"version-history":[{"count":1,"href":"https:\/\/lahora.mx\/index.php\/wp-json\/wp\/v2\/posts\/39376\/revisions"}],"predecessor-version":[{"id":39378,"href":"https:\/\/lahora.mx\/index.php\/wp-json\/wp\/v2\/posts\/39376\/revisions\/39378"}],"wp:featuredmedia":[{"embeddable":true,"href":"https:\/\/lahora.mx\/index.php\/wp-json\/wp\/v2\/media\/39377"}],"wp:attachment":[{"href":"https:\/\/lahora.mx\/index.php\/wp-json\/wp\/v2\/media?parent=39376"}],"wp:term":[{"taxonomy":"category","embeddable":true,"href":"https:\/\/lahora.mx\/index.php\/wp-json\/wp\/v2\/categories?post=39376"},{"taxonomy":"post_tag","embeddable":true,"href":"https:\/\/lahora.mx\/index.php\/wp-json\/wp\/v2\/tags?post=39376"}],"curies":[{"name":"wp","href":"https:\/\/api.w.org\/{rel}","templated":true}]}}