{"id":39361,"date":"2023-12-30T19:33:46","date_gmt":"2023-12-30T19:33:46","guid":{"rendered":"http:\/\/lahora.mx\/?p=39361"},"modified":"2024-01-03T19:38:03","modified_gmt":"2024-01-03T19:38:03","slug":"entrega-gobierno-de-puebla-becas-de-capacitacion-para-el-empleo","status":"publish","type":"post","link":"https:\/\/lahora.mx\/index.php\/2023\/12\/30\/entrega-gobierno-de-puebla-becas-de-capacitacion-para-el-empleo\/","title":{"rendered":"Entrega gobierno de Puebla becas de Capacitaci\u00f3n para el Empleo"},"content":{"rendered":"\n<p>El gobierno presente de Sergio Salom\u00f3n inici\u00f3 la entrega de becas a mil 568 beneficiarios de los cursos del Programa de Productividad y Capacitaci\u00f3n para el Empleo que, durante el 2023, participaron en 126 diferentes cursos para aprender alg\u00fan oficio, incorporarse al mercado laboral o iniciar actividades econ\u00f3micas por cuenta propia.<\/p>\n\n\n\n<p>Los cursos y talleres se impartieron en todas las regiones del estado donde a trav\u00e9s de la formaci\u00f3n de grupos, los pobladores pudieron aprender diferentes oficios que van desde corte y peinado de cabello, reparaci\u00f3n de tel\u00e9fonos celulares, pasteler\u00eda y dulces finos, inform\u00e1tica b\u00e1sica, elaboraci\u00f3n de jabones artesanales, entre otros.<\/p>\n\n\n\n<p>El secretario de Trabajo, Gabriel Biestro Medinilla explic\u00f3 que, de manera coordinada con el Instituto de Capacitaci\u00f3n para el Trabajo del Estado de Puebla (ICATEP), se impartieron 126 diferentes talleres para atender las necesidades de los municipios y la vocaci\u00f3n productiva de las regiones de la entidad.<\/p>\n\n\n\n<p>Afirm\u00f3 que la capacitaci\u00f3n es un elemento sustancial para elevar la productividad en la entidad, que permite que aquellas personas que no han logrado insertarse al mercado laboral, puedan organizarse y generar actividades econ\u00f3micas de manera independiente o incluso negocios propios.<\/p>\n\n\n\n<p>Biestro Medinilla inform\u00f3 que durante el 2023 se benefici\u00f3 a 3 mil 136 personas con becas de dos mil pesos a cada una, que suman una inversi\u00f3n total de tres millones 136 mil pesos y que son parte de las acciones que el gobierno estatal realiza para impulsar el trabajo digno y contribuir a disminuir el desempleo entre la poblaci\u00f3n.<\/p>\n","protected":false},"excerpt":{"rendered":"<p>El gobierno presente de Sergio Salom\u00f3n inici\u00f3 la entrega de becas a mil 568 beneficiarios de los cursos del Programa de Productividad y Capacitaci\u00f3n para el Empleo que, durante el 2023, participaron en 126 diferentes cursos para aprender alg\u00fan oficio, incorporarse al mercado laboral o iniciar actividades econ\u00f3micas por cuenta propia. Los cursos y talleres [&hellip;]<\/p>\n","protected":false},"author":4,"featured_media":39362,"comment_status":"open","ping_status":"open","sticky":false,"template":"","format":"standard","meta":{"om_disable_all_campaigns":false,"_monsterinsights_skip_tracking":false,"_monsterinsights_sitenote_active":false,"_monsterinsights_sitenote_note":"","_monsterinsights_sitenote_category":0,"footnotes":""},"categories":[175],"tags":[239,223],"class_list":["post-39361","post","type-post","status-publish","format-standard","has-post-thumbnail","hentry","category-local","tag-gobierno","tag-puebla"],"amp_enabled":true,"_links":{"self":[{"href":"https:\/\/lahora.mx\/index.php\/wp-json\/wp\/v2\/posts\/39361","targetHints":{"allow":["GET"]}}],"collection":[{"href":"https:\/\/lahora.mx\/index.php\/wp-json\/wp\/v2\/posts"}],"about":[{"href":"https:\/\/lahora.mx\/index.php\/wp-json\/wp\/v2\/types\/post"}],"author":[{"embeddable":true,"href":"https:\/\/lahora.mx\/index.php\/wp-json\/wp\/v2\/users\/4"}],"replies":[{"embeddable":true,"href":"https:\/\/lahora.mx\/index.php\/wp-json\/wp\/v2\/comments?post=39361"}],"version-history":[{"count":1,"href":"https:\/\/lahora.mx\/index.php\/wp-json\/wp\/v2\/posts\/39361\/revisions"}],"predecessor-version":[{"id":39363,"href":"https:\/\/lahora.mx\/index.php\/wp-json\/wp\/v2\/posts\/39361\/revisions\/39363"}],"wp:featuredmedia":[{"embeddable":true,"href":"https:\/\/lahora.mx\/index.php\/wp-json\/wp\/v2\/media\/39362"}],"wp:attachment":[{"href":"https:\/\/lahora.mx\/index.php\/wp-json\/wp\/v2\/media?parent=39361"}],"wp:term":[{"taxonomy":"category","embeddable":true,"href":"https:\/\/lahora.mx\/index.php\/wp-json\/wp\/v2\/categories?post=39361"},{"taxonomy":"post_tag","embeddable":true,"href":"https:\/\/lahora.mx\/index.php\/wp-json\/wp\/v2\/tags?post=39361"}],"curies":[{"name":"wp","href":"https:\/\/api.w.org\/{rel}","templated":true}]}}