{"id":3929,"date":"2022-03-04T19:41:56","date_gmt":"2022-03-04T19:41:56","guid":{"rendered":"http:\/\/lahora.mx\/?p=3929"},"modified":"2022-03-04T19:41:57","modified_gmt":"2022-03-04T19:41:57","slug":"avion-de-la-fuerza-aerea-mexicana-aterriza-en-rumania-para-repatriar-a-mexicanos-evacuados-de-ucrania","status":"publish","type":"post","link":"https:\/\/lahora.mx\/index.php\/2022\/03\/04\/avion-de-la-fuerza-aerea-mexicana-aterriza-en-rumania-para-repatriar-a-mexicanos-evacuados-de-ucrania\/","title":{"rendered":"Avi\u00f3n de la fuerza A\u00e9rea Mexicana aterriza en Rumania para repatriar a mexicanos evacuados de Ucrania"},"content":{"rendered":"\n<p>El secretario de Relaciones Exteriores, Marcelo Ebrard, inform\u00f3&nbsp;<strong>que aterriz\u00f3 en la ciudad de Bucarest, en Rumania,<\/strong>&nbsp;el avi\u00f3n de la Fuerza A\u00e9rea Mexicana que&nbsp;<strong>repatriar\u00e1 a los mexicanos<\/strong>&nbsp;que han logrado salir de Ucrania.<\/p>\n\n\n\n<p>A trav\u00e9s sociales, el canciller apunt\u00f3 que la operaci\u00f3n se encuentra en curso, y que se prev\u00e9 que este 1 de marzo arriben m\u00e1s connacionales a la capital rumana evacuados desde Kiev.<\/p>\n\n\n\n<p>\u201cEmbajadas en Polonia y Rumania apoyando a Olga Garc\u00eda Guill\u00e9n, Embajadora de M\u00e9xico en Ucrania, como lo instruy\u00f3 el Presidente L\u00f3pez Obrador\u201d, se\u00f1al\u00f3 Ebrard.<br>En las \u00faltimas horas, el canciller ha compartido una serie de fotograf\u00edas de mexicanos que han logrado salir de la zona de conflicto.<br><\/p>\n\n\n\n<p>Funcionarios rusos y ucranianos se reunieron para conversar este lunes en medio bajas expectativas de cualquier posible avance diplom\u00e1tico.<\/p>\n\n\n\n<p>De acuerdo con la ONU,&nbsp;<strong>al menos 102 civiles han muerto y cientos han resultado heridos<\/strong>&nbsp;en m\u00e1s de cuatro d\u00edas de enfrentamientos.<\/p>\n\n\n\n<p>En tanto que, el presidente de Ucrania, Volodymyr Zelensky, report\u00f3 que&nbsp;<strong>al menos 16 ni\u00f1os estaban entre los muertos.<\/strong><\/p>\n","protected":false},"excerpt":{"rendered":"<p>El secretario de Relaciones Exteriores, Marcelo Ebrard, inform\u00f3&nbsp;que aterriz\u00f3 en la ciudad de Bucarest, en Rumania,&nbsp;el avi\u00f3n de la Fuerza A\u00e9rea Mexicana que&nbsp;repatriar\u00e1 a los mexicanos&nbsp;que han logrado salir de Ucrania. A trav\u00e9s sociales, el canciller apunt\u00f3 que la operaci\u00f3n se encuentra en curso, y que se prev\u00e9 que este 1 de marzo arriben m\u00e1s [&hellip;]<\/p>\n","protected":false},"author":4,"featured_media":3930,"comment_status":"open","ping_status":"open","sticky":false,"template":"","format":"standard","meta":{"om_disable_all_campaigns":false,"_monsterinsights_skip_tracking":false,"_monsterinsights_sitenote_active":false,"_monsterinsights_sitenote_note":"","_monsterinsights_sitenote_category":0,"footnotes":""},"categories":[183,176],"tags":[],"class_list":["post-3929","post","type-post","status-publish","format-standard","has-post-thumbnail","hentry","category-internacional","category-nacional"],"amp_enabled":true,"_links":{"self":[{"href":"https:\/\/lahora.mx\/index.php\/wp-json\/wp\/v2\/posts\/3929","targetHints":{"allow":["GET"]}}],"collection":[{"href":"https:\/\/lahora.mx\/index.php\/wp-json\/wp\/v2\/posts"}],"about":[{"href":"https:\/\/lahora.mx\/index.php\/wp-json\/wp\/v2\/types\/post"}],"author":[{"embeddable":true,"href":"https:\/\/lahora.mx\/index.php\/wp-json\/wp\/v2\/users\/4"}],"replies":[{"embeddable":true,"href":"https:\/\/lahora.mx\/index.php\/wp-json\/wp\/v2\/comments?post=3929"}],"version-history":[{"count":1,"href":"https:\/\/lahora.mx\/index.php\/wp-json\/wp\/v2\/posts\/3929\/revisions"}],"predecessor-version":[{"id":3931,"href":"https:\/\/lahora.mx\/index.php\/wp-json\/wp\/v2\/posts\/3929\/revisions\/3931"}],"wp:featuredmedia":[{"embeddable":true,"href":"https:\/\/lahora.mx\/index.php\/wp-json\/wp\/v2\/media\/3930"}],"wp:attachment":[{"href":"https:\/\/lahora.mx\/index.php\/wp-json\/wp\/v2\/media?parent=3929"}],"wp:term":[{"taxonomy":"category","embeddable":true,"href":"https:\/\/lahora.mx\/index.php\/wp-json\/wp\/v2\/categories?post=3929"},{"taxonomy":"post_tag","embeddable":true,"href":"https:\/\/lahora.mx\/index.php\/wp-json\/wp\/v2\/tags?post=3929"}],"curies":[{"name":"wp","href":"https:\/\/api.w.org\/{rel}","templated":true}]}}