{"id":39197,"date":"2024-01-02T15:55:12","date_gmt":"2024-01-02T15:55:12","guid":{"rendered":"http:\/\/lahora.mx\/?p=39197"},"modified":"2024-01-02T15:55:12","modified_gmt":"2024-01-02T15:55:12","slug":"48-muertes-tras-terremoto-en-japon","status":"publish","type":"post","link":"https:\/\/lahora.mx\/index.php\/2024\/01\/02\/48-muertes-tras-terremoto-en-japon\/","title":{"rendered":"48 muertes tras terremoto en Jap\u00f3n"},"content":{"rendered":"\n<p>Luego de que Jap\u00f3n recibiera el a\u00f1o nuevo con un terremoto de 7.6 grados en la escala de Richter en las costas de la prefectura de Ishikawa, hasta el momento el gobierno nip\u00f3n ha confirmado el deceso de 48 personas.<\/p>\n\n\n\n<p>Seg\u00fan las cifras que ha dado a conocer el gobierno japon\u00e9s, 19 de las personas que perdieron la vida son de Wajima, mientras que 20 se encontraban en la ciudad de Suzu, cinco en Nanao, dos en Anamizu, uno en Kakui y uno en Shima.<\/p>\n\n\n\n<p>Aunque el sismo se sinti\u00f3 en ciudades como Tokio y Osaka, fue la ciudad de Wajima la que present\u00f3 m\u00e1s da\u00f1os debido a la cercan\u00eda que tuvo con el epicentro, pues hasta el momento se han reportado 25 edificios derrumbados.<\/p>\n\n\n\n<p>Asimismo, a\u00fan contin\u00faan las labores de b\u00fasqueda y rescate, especialmente en Wajima, donde se cree que podr\u00eda haber gente atrapada bajo los escombros de al menos 14 de los edificios que el sismo derrumb\u00f3.<\/p>\n\n\n\n<p>Tambi\u00e9n se mantienen trabajos de rescate en las otras ciudades que se vieron afectadas por el terremoto, todas ellas en la prefectura de Ishikawa, en donde decenas de personas fueron trasladadas a hospitales cercanos, por lo que se espera que la cifra de fallecidos aumente en las pr\u00f3ximas horas.<\/p>\n\n\n\n<p>De igual manera, medios locales reportaron un incendio desde el d\u00eda de ayer que ha afectado a m\u00e1s de 200 estructuras, y aunque ya se tiene controlado y se cree que no corre el riesgo de propagarse m\u00e1s, las autoridades a\u00fan no han podido apagarlo.<\/p>\n\n\n\n<p>Por su parte, el primer ministro Fumio Kishida afirm\u00f3 que \u00e9l ser\u00e1 quien est\u00e9 al frente de la gesti\u00f3n del desastre, al asegurar que ser\u00e1 \u201cel director general, movilizar\u00e9 a las Fuerzas de Autodefensa, a la Guardia Costera de Jap\u00f3n, a los bomberos y a la polic\u00eda\u201d.<\/p>\n\n\n\n<p>Sin embargo, apunt\u00f3 que la entrada de veh\u00edculos a las \u00e1reas m\u00e1s afectadas por el terremoto est\u00e1 siendo extremadamente dif\u00edcil, por lo que ya han empezado a enviar suministros por barco, esperando que el acceso por mar sea m\u00e1s sencillo, luego de que se descartara un posible tsunami.<\/p>\n\n\n\n<p>Adem\u00e1s, de acuerdo con las cifras del gobierno local, hay al menos 32 mil personas que fueron evacuadas de sus hogares en las prefecturas de Ishikawa y Toyama, pues el riesgo de derrumbes y deslizamiento de tierra est\u00e1n en aumento; los servicios de trenes locales y transportes a\u00e9reos a\u00fan contin\u00faan suspendidos.<\/p>\n","protected":false},"excerpt":{"rendered":"<p>Luego de que Jap\u00f3n recibiera el a\u00f1o nuevo con un terremoto de 7.6 grados en la escala de Richter en las costas de la prefectura de Ishikawa, hasta el momento el gobierno nip\u00f3n ha confirmado el deceso de 48 personas. Seg\u00fan las cifras que ha dado a conocer el gobierno japon\u00e9s, 19 de las personas [&hellip;]<\/p>\n","protected":false},"author":4,"featured_media":39198,"comment_status":"open","ping_status":"open","sticky":false,"template":"","format":"standard","meta":{"om_disable_all_campaigns":false,"_monsterinsights_skip_tracking":false,"_monsterinsights_sitenote_active":false,"_monsterinsights_sitenote_note":"","_monsterinsights_sitenote_category":0,"footnotes":""},"categories":[183],"tags":[],"class_list":["post-39197","post","type-post","status-publish","format-standard","has-post-thumbnail","hentry","category-internacional"],"amp_enabled":true,"_links":{"self":[{"href":"https:\/\/lahora.mx\/index.php\/wp-json\/wp\/v2\/posts\/39197","targetHints":{"allow":["GET"]}}],"collection":[{"href":"https:\/\/lahora.mx\/index.php\/wp-json\/wp\/v2\/posts"}],"about":[{"href":"https:\/\/lahora.mx\/index.php\/wp-json\/wp\/v2\/types\/post"}],"author":[{"embeddable":true,"href":"https:\/\/lahora.mx\/index.php\/wp-json\/wp\/v2\/users\/4"}],"replies":[{"embeddable":true,"href":"https:\/\/lahora.mx\/index.php\/wp-json\/wp\/v2\/comments?post=39197"}],"version-history":[{"count":1,"href":"https:\/\/lahora.mx\/index.php\/wp-json\/wp\/v2\/posts\/39197\/revisions"}],"predecessor-version":[{"id":39199,"href":"https:\/\/lahora.mx\/index.php\/wp-json\/wp\/v2\/posts\/39197\/revisions\/39199"}],"wp:featuredmedia":[{"embeddable":true,"href":"https:\/\/lahora.mx\/index.php\/wp-json\/wp\/v2\/media\/39198"}],"wp:attachment":[{"href":"https:\/\/lahora.mx\/index.php\/wp-json\/wp\/v2\/media?parent=39197"}],"wp:term":[{"taxonomy":"category","embeddable":true,"href":"https:\/\/lahora.mx\/index.php\/wp-json\/wp\/v2\/categories?post=39197"},{"taxonomy":"post_tag","embeddable":true,"href":"https:\/\/lahora.mx\/index.php\/wp-json\/wp\/v2\/tags?post=39197"}],"curies":[{"name":"wp","href":"https:\/\/api.w.org\/{rel}","templated":true}]}}