{"id":39167,"date":"2023-12-31T21:09:54","date_gmt":"2023-12-31T21:09:54","guid":{"rendered":"http:\/\/lahora.mx\/?p=39167"},"modified":"2023-12-31T21:09:54","modified_gmt":"2023-12-31T21:09:54","slug":"ebrio-al-volante-se-estampa-en-calzada-zavaleta","status":"publish","type":"post","link":"https:\/\/lahora.mx\/index.php\/2023\/12\/31\/ebrio-al-volante-se-estampa-en-calzada-zavaleta\/","title":{"rendered":"Ebrio al volante se estampa en Calzada Zavaleta"},"content":{"rendered":"\n<p>La madrugada de este domingo un joven a bordo de una camioneta color plata, perdi\u00f3 el control al estar en presunto estado de ebriedad y choc\u00f3 contra la barda del Fraccionamiento Estrellas del Sur, justo del lado de Calzada Zavaleta, aunque no hubo personas lesionadas se registraron cuantiosos da\u00f1os materiales.<\/p>\n\n\n\n<p>Este accidente sucedi\u00f3 hoy alrededor de las 2 de la ma\u00f1ana cuando vecinos de este fraccionamiento reportaron a emergencias, que un autom\u00f3vil hab\u00eda derribado parte de la barda y ocasion\u00f3 da\u00f1os en otros autos estacionados.<\/p>\n\n\n\n<p>Se sabe que el chofer de la unidad responsable, viajaba presuntamente alcoholizado y a exceso de velocidad, motivo por el cual perdi\u00f3 el control de la unidad en la curva y por ello ocurri\u00f3 el choque.<\/p>\n","protected":false},"excerpt":{"rendered":"<p>La madrugada de este domingo un joven a bordo de una camioneta color plata, perdi\u00f3 el control al estar en presunto estado de ebriedad y choc\u00f3 contra la barda del Fraccionamiento Estrellas del Sur, justo del lado de Calzada Zavaleta, aunque no hubo personas lesionadas se registraron cuantiosos da\u00f1os materiales. Este accidente sucedi\u00f3 hoy alrededor [&hellip;]<\/p>\n","protected":false},"author":4,"featured_media":39168,"comment_status":"open","ping_status":"open","sticky":false,"template":"","format":"standard","meta":{"om_disable_all_campaigns":false,"_monsterinsights_skip_tracking":false,"_monsterinsights_sitenote_active":false,"_monsterinsights_sitenote_note":"","_monsterinsights_sitenote_category":0,"footnotes":""},"categories":[175,226],"tags":[223],"class_list":["post-39167","post","type-post","status-publish","format-standard","has-post-thumbnail","hentry","category-local","category-policia","tag-puebla"],"amp_enabled":true,"_links":{"self":[{"href":"https:\/\/lahora.mx\/index.php\/wp-json\/wp\/v2\/posts\/39167","targetHints":{"allow":["GET"]}}],"collection":[{"href":"https:\/\/lahora.mx\/index.php\/wp-json\/wp\/v2\/posts"}],"about":[{"href":"https:\/\/lahora.mx\/index.php\/wp-json\/wp\/v2\/types\/post"}],"author":[{"embeddable":true,"href":"https:\/\/lahora.mx\/index.php\/wp-json\/wp\/v2\/users\/4"}],"replies":[{"embeddable":true,"href":"https:\/\/lahora.mx\/index.php\/wp-json\/wp\/v2\/comments?post=39167"}],"version-history":[{"count":1,"href":"https:\/\/lahora.mx\/index.php\/wp-json\/wp\/v2\/posts\/39167\/revisions"}],"predecessor-version":[{"id":39169,"href":"https:\/\/lahora.mx\/index.php\/wp-json\/wp\/v2\/posts\/39167\/revisions\/39169"}],"wp:featuredmedia":[{"embeddable":true,"href":"https:\/\/lahora.mx\/index.php\/wp-json\/wp\/v2\/media\/39168"}],"wp:attachment":[{"href":"https:\/\/lahora.mx\/index.php\/wp-json\/wp\/v2\/media?parent=39167"}],"wp:term":[{"taxonomy":"category","embeddable":true,"href":"https:\/\/lahora.mx\/index.php\/wp-json\/wp\/v2\/categories?post=39167"},{"taxonomy":"post_tag","embeddable":true,"href":"https:\/\/lahora.mx\/index.php\/wp-json\/wp\/v2\/tags?post=39167"}],"curies":[{"name":"wp","href":"https:\/\/api.w.org\/{rel}","templated":true}]}}