{"id":39140,"date":"2023-12-31T16:31:47","date_gmt":"2023-12-31T16:31:47","guid":{"rendered":"http:\/\/lahora.mx\/?p=39140"},"modified":"2023-12-31T16:31:47","modified_gmt":"2023-12-31T16:31:47","slug":"alejandro-armenta-cerrara-precampana-en-ciudad-modelo","status":"publish","type":"post","link":"https:\/\/lahora.mx\/index.php\/2023\/12\/31\/alejandro-armenta-cerrara-precampana-en-ciudad-modelo\/","title":{"rendered":"Alejandro Armenta cerrar\u00e1 precampa\u00f1a en Ciudad Modelo"},"content":{"rendered":"\n<p class=\"wp-block-paragraph\">Alejandro Armenta, precandidato \u00fanico de Morena a la gubernatura de Puebla, cerrar\u00e1 precampa\u00f1a el pr\u00f3ximo 2 o 3 de enero de 2024 en Ciudad Modelo, en el municipio de San Jos\u00e9 de Chiapa.<\/p>\n\n\n\n<p class=\"wp-block-paragraph\">As\u00ed lo anunci\u00f3 durante el &#8216;Foro Visi\u00f3n Sostenible 2030&#8217;, donde ratific\u00f3 que pondr\u00e1 en marcha estrategias que impulsen el proyecto morenovallista de Ciudad Modelo a fin de impulsar la econom\u00eda e industria poblana y mejorar la presa de Valsequillo, que presentar\u00e1 a la precandidata presidencial Claudia Sheinbaum.<\/p>\n\n\n\n<p class=\"wp-block-paragraph\">En el sexto d\u00eda de precampa\u00f1as en la ciudad de Puebla, convoc\u00f3 a militantes de Morena para presentar sus propuestas de cara al cierre de precampa\u00f1a que concluye el pr\u00f3ximo 3 de enero de 2024.<\/p>\n\n\n\n<p class=\"wp-block-paragraph\">En entrevista con medios de comunicaci\u00f3n al concluir el evento, afirm\u00f3 que no se confiar\u00e1 de los datos de encuestas a pesar que lo colocan 10 puntos arriba de su opositor, el panista Eduardo Rivera P\u00e9rez.<\/p>\n\n\n\n<p class=\"wp-block-paragraph\">Asimismo, Armenta Mier asegur\u00f3 que est\u00e1 enfocado en trabajar por la unidad entre sus compa\u00f1eros y perfilando a los representantes de cada uno de los siete exaspirantes a Casa Puebla, a quienes reconoci\u00f3 por respaldar el proyecto de la 4T.<\/p>\n\n\n\n<p class=\"wp-block-paragraph\">En este sentido, augur\u00f3 buenos resultados en la elecci\u00f3n del 2 de junio de 2024 obteniendo el triunfo para poder continuar con la siguiente etapa tras la reconciliaci\u00f3n por la que trabaj\u00f3 el mandatario C\u00e9spedes Peregrina.<\/p>\n\n\n\n<p class=\"wp-block-paragraph\">\u00abEstamos haciendo mucha pol\u00edtica\u2026 Vamos a iniciar una nueva era en Puebla que va a significar darle fortaleza a la reconciliaci\u00f3n que ha logrado el gobernador Sergio Salom\u00f3n C\u00e9spedes Peregrina, un a\u00f1o de reencuentros, unidad y reconciliaci\u00f3n, a m\u00ed me corresponder\u00e1 la siguiente etapa\u00bb, asever\u00f3 el precandidato morenista.<\/p>\n\n\n\n<p class=\"wp-block-paragraph\">Por otra parte, indic\u00f3 que el partido estar\u00e1 atento del proceso interno de la Coordinaci\u00f3n Municipal de la Cuarta Transformaci\u00f3n que comenzar\u00e1 con la designaci\u00f3n de los mejores perfiles a los ayuntamientos en la entidad poblana.<\/p>\n","protected":false},"excerpt":{"rendered":"<p>Alejandro Armenta, precandidato \u00fanico de Morena a la gubernatura de Puebla, cerrar\u00e1 precampa\u00f1a el pr\u00f3ximo 2 o 3 de enero de 2024 en Ciudad Modelo, en el municipio de San Jos\u00e9 de Chiapa. As\u00ed lo anunci\u00f3 durante el &#8216;Foro Visi\u00f3n Sostenible 2030&#8217;, donde ratific\u00f3 que pondr\u00e1 en marcha estrategias que impulsen el proyecto morenovallista de [&hellip;]<\/p>\n","protected":false},"author":4,"featured_media":39141,"comment_status":"open","ping_status":"open","sticky":false,"template":"","format":"standard","meta":{"om_disable_all_campaigns":false,"_monsterinsights_skip_tracking":false,"footnotes":""},"categories":[175],"tags":[128,223],"class_list":["post-39140","post","type-post","status-publish","format-standard","has-post-thumbnail","hentry","category-local","tag-politics","tag-puebla"],"amp_enabled":true,"_links":{"self":[{"href":"https:\/\/lahora.mx\/index.php\/wp-json\/wp\/v2\/posts\/39140","targetHints":{"allow":["GET"]}}],"collection":[{"href":"https:\/\/lahora.mx\/index.php\/wp-json\/wp\/v2\/posts"}],"about":[{"href":"https:\/\/lahora.mx\/index.php\/wp-json\/wp\/v2\/types\/post"}],"author":[{"embeddable":true,"href":"https:\/\/lahora.mx\/index.php\/wp-json\/wp\/v2\/users\/4"}],"replies":[{"embeddable":true,"href":"https:\/\/lahora.mx\/index.php\/wp-json\/wp\/v2\/comments?post=39140"}],"version-history":[{"count":1,"href":"https:\/\/lahora.mx\/index.php\/wp-json\/wp\/v2\/posts\/39140\/revisions"}],"predecessor-version":[{"id":39142,"href":"https:\/\/lahora.mx\/index.php\/wp-json\/wp\/v2\/posts\/39140\/revisions\/39142"}],"wp:featuredmedia":[{"embeddable":true,"href":"https:\/\/lahora.mx\/index.php\/wp-json\/wp\/v2\/media\/39141"}],"wp:attachment":[{"href":"https:\/\/lahora.mx\/index.php\/wp-json\/wp\/v2\/media?parent=39140"}],"wp:term":[{"taxonomy":"category","embeddable":true,"href":"https:\/\/lahora.mx\/index.php\/wp-json\/wp\/v2\/categories?post=39140"},{"taxonomy":"post_tag","embeddable":true,"href":"https:\/\/lahora.mx\/index.php\/wp-json\/wp\/v2\/tags?post=39140"}],"curies":[{"name":"wp","href":"https:\/\/api.w.org\/{rel}","templated":true}]}}